{"id":36296,"date":"2024-05-08T11:39:24","date_gmt":"2024-05-08T09:39:24","guid":{"rendered":"https:\/\/www.laplatera.es\/decouvrez-la-collection-ceramique-mallorca\/"},"modified":"2024-05-08T11:39:24","modified_gmt":"2024-05-08T09:39:24","slug":"decouvrez-la-collection-ceramique-mallorca","status":"publish","type":"post","link":"https:\/\/www.laplatera.es\/fr\/decouvrez-la-collection-ceramique-mallorca\/","title":{"rendered":"D\u00e9couvrez la collection c\u00e9ramique Mallorca"},"content":{"rendered":"\n<h2 class=\"wp-block-heading\" id=\"h-estilo-y-elegancia-en-acabados-metalizados\">Style et \u00e9l\u00e9gance dans des finitions m\u00e9talliques<\/h2>\n\n<p class=\"wp-block-paragraph\">La <a href=\"https:\/\/www.laplatera.es\/fr\/collections\/mallorca\/\" target=\"_blank\" rel=\"noreferrer noopener\">collection Mallorca<\/a> capture l&rsquo;essence et l&rsquo;\u00e9l\u00e9gance des plaques m\u00e9talliques avec une gamme de carreaux en c\u00e9ramique alliant style moderne et qualit\u00e9 exceptionnelle. Cette collection, qui simule parfaitement les plaques m\u00e9talliques gr\u00e2ce \u00e0 un \u00e9mail m\u00e9tallique, offre une grande vari\u00e9t\u00e9 de formats et de d\u00e9cors pour embellir n&rsquo;importe quel espace.<\/p>\n\n<h3 class=\"wp-block-heading\" id=\"h-variedad-de-formatos-y-colores\">Vari\u00e9t\u00e9 de Formats et de Couleurs<\/h3>\n\n<p class=\"wp-block-paragraph\">La collection Mallorca est disponible en carrelage en gr\u00e8s c\u00e9rame pour sols et murs, et en carrelage mural en p\u00e2te blanche. Le gr\u00e8s c\u00e9rame est disponible aux formats 60&#215;60 cm et 60&#215;120 cm, tandis que le carrelage en p\u00e2te blanche est disponible au format 35&#215;90 cm. Les trois couleurs sophistiqu\u00e9es, <a href=\"\" target=\"\" rel=\"noopener\">Cobre<\/a>, <a href=\"\" target=\"\" rel=\"noopener\">Oceano<\/a> et <a href=\"\" target=\"\" rel=\"noopener\">Blanco<\/a>, offrent un aspect m\u00e9tallique unique et distinctif dans chaque pi\u00e8ce.  <\/p>\n\n<h3 class=\"wp-block-heading\" id=\"h-decorados-exclusivos-con-tecnologia-d-line-plus\">D\u00e9cors Exclusifs avec la Technologie D-LINE PLUS<\/h3>\n\n<p class=\"wp-block-paragraph\">De plus, nous proposons des d\u00e9cors pour le format 60&#215;120 cm (une explosion m\u00e9tallique superficielle) avec des granules m\u00e9talliques, et pour le format 35&#215;90 cm (aspect carreaux hydrauliques), les d\u00e9cors Cobre et Oceano contiennent des granules m\u00e9talliques, tandis que le Blanco utilise des granules transparents. Ils ajoutent une touche d&rsquo;\u00e9l\u00e9gance et de distinction \u00e0 chaque environnement. <\/p>\n\n<h3 class=\"wp-block-heading\" id=\"h-aplicaciones-versatiles\">Applications Polyvalentes<\/h3>\n\n<p class=\"wp-block-paragraph\">Gr\u00e2ce \u00e0 la r\u00e9sistance et \u00e0 la durabilit\u00e9 des carreaux en gr\u00e8s c\u00e9rame et en p\u00e2te blanche, la collection Mallorca est id\u00e9ale pour les sols et les murs. Les d\u00e9cors <a href=\"\" target=\"\" rel=\"noopener\">D-LINE PLUS<\/a> ajoutent une touche distinctive aux salons, cuisines, salles de bain et tout autre espace que vous souhaitez embellir avec un style moderne et \u00e9l\u00e9gant. <\/p>\n\n<p class=\"wp-block-paragraph\">La collection Mallorca red\u00e9finit le concept de luxe et de style en c\u00e9ramique, offrant des carreaux aux finitions m\u00e9talliques qui imitent parfaitement les plaques m\u00e9talliques avec un r\u00e9alisme impressionnant. Ces carreaux sont parfaits pour ceux qui cherchent \u00e0 transformer leurs espaces avec un design unique, o\u00f9 chaque pi\u00e8ce est con\u00e7ue pour se d\u00e9marquer. <\/p>\n","protected":false},"excerpt":{"rendered":"<p>Style et \u00e9l\u00e9gance dans des finitions m\u00e9talliques La collection Mallorca capture l&rsquo;essence et l&rsquo;\u00e9l\u00e9gance des<\/p>\n<div class=\"read-more\"><a href=\"https:\/\/www.laplatera.es\/fr\/decouvrez-la-collection-ceramique-mallorca\/\" class=\"more-link\">Read More<\/a><\/div>\n","protected":false},"author":1,"featured_media":35216,"comment_status":"closed","ping_status":"closed","sticky":false,"template":"","format":"standard","meta":{"_acf_changed":false,"footnotes":""},"categories":[74,76],"tags":[],"class_list":["post-36296","post","type-post","status-publish","format-standard","has-post-thumbnail","hentry","category-categoria-colecciones-fr","category-nouveautes","entry"],"acf":[],"yoast_head":"<!-- This site is optimized with the Yoast SEO Premium plugin v28.3 (Yoast SEO v28.3) - https:\/\/yoast.com\/product\/yoast-seo-premium-wordpress\/ -->\n<title>D\u00e9couvrez la collection c\u00e9ramique Mallorca<\/title>\n<meta name=\"description\" content=\"Collection Mallorca : Carreaux en c\u00e9ramique qui capturent l&#039;essence et l&#039;\u00e9l\u00e9gance des plaques m\u00e9talliques avec un \u00e9mail m\u00e9tallique unique.\" \/>\n<meta name=\"robots\" content=\"index, follow, max-snippet:-1, max-image-preview:large, max-video-preview:-1\" \/>\n<link rel=\"canonical\" href=\"https:\/\/www.laplatera.es\/fr\/decouvrez-la-collection-ceramique-mallorca\/\" \/>\n<meta property=\"og:locale\" content=\"fr_FR\" \/>\n<meta property=\"og:type\" content=\"article\" \/>\n<meta property=\"og:title\" content=\"D\u00e9couvrez la collection c\u00e9ramique Mallorca\" \/>\n<meta property=\"og:description\" content=\"Style et \u00e9l\u00e9gance dans des finitions m\u00e9talliques La collection Mallorca capture l&#039;essence et l&#039;\u00e9l\u00e9gance des plaques m\u00e9talliques avec une gamme de carreaux\" \/>\n<meta property=\"og:url\" content=\"https:\/\/www.laplatera.es\/fr\/decouvrez-la-collection-ceramique-mallorca\/\" \/>\n<meta property=\"og:site_name\" content=\"La Platera - Transformamos tus espacios con pavimentos y revestimientos en cer\u00e1mica de alta calidad y dise\u00f1o \u00fanico\" \/>\n<meta property=\"article:publisher\" content=\"https:\/\/www.facebook.com\/laplatera.es\/\" \/>\n<meta property=\"article:published_time\" content=\"2024-05-08T09:39:24+00:00\" \/>\n<meta property=\"og:image\" content=\"https:\/\/www.laplatera.es\/wp-content\/uploads\/2024\/03\/AMBIENTE_MALLORCA-COBRE-60X120-1024x717.jpg\" \/>\n\t<meta property=\"og:image:width\" content=\"1024\" \/>\n\t<meta property=\"og:image:height\" content=\"717\" \/>\n\t<meta property=\"og:image:type\" content=\"image\/jpeg\" \/>\n<meta name=\"author\" content=\"Jordi Trilles\" \/>\n<meta name=\"twitter:card\" content=\"summary_large_image\" \/>\n<meta name=\"twitter:creator\" content=\"@la_platera\" \/>\n<meta name=\"twitter:site\" content=\"@la_platera\" \/>\n<meta name=\"twitter:label1\" content=\"\u00c9crit par\" \/>\n\t<meta name=\"twitter:data1\" content=\"Jordi Trilles\" \/>\n\t<meta name=\"twitter:label2\" content=\"Dur\u00e9e de lecture estim\u00e9e\" \/>\n\t<meta name=\"twitter:data2\" content=\"2 minutes\" \/>\n<script type=\"application\/ld+json\" class=\"yoast-schema-graph\">{\"@context\":\"https:\\\/\\\/schema.org\",\"@graph\":[{\"@type\":\"Article\",\"@id\":\"https:\\\/\\\/www.laplatera.es\\\/fr\\\/decouvrez-la-collection-ceramique-mallorca\\\/#article\",\"isPartOf\":{\"@id\":\"https:\\\/\\\/www.laplatera.es\\\/fr\\\/decouvrez-la-collection-ceramique-mallorca\\\/\"},\"author\":{\"name\":\"Jordi Trilles\",\"@id\":\"https:\\\/\\\/www.laplatera.es\\\/fr\\\/#\\\/schema\\\/person\\\/3b5e854355cf4857d5d0ad1ee0e1c8db\"},\"headline\":\"D\u00e9couvrez la collection c\u00e9ramique Mallorca\",\"datePublished\":\"2024-05-08T09:39:24+00:00\",\"mainEntityOfPage\":{\"@id\":\"https:\\\/\\\/www.laplatera.es\\\/fr\\\/decouvrez-la-collection-ceramique-mallorca\\\/\"},\"wordCount\":350,\"publisher\":{\"@id\":\"https:\\\/\\\/www.laplatera.es\\\/fr\\\/#organization\"},\"image\":{\"@id\":\"https:\\\/\\\/www.laplatera.es\\\/fr\\\/decouvrez-la-collection-ceramique-mallorca\\\/#primaryimage\"},\"thumbnailUrl\":\"https:\\\/\\\/www.laplatera.es\\\/wp-content\\\/uploads\\\/2024\\\/03\\\/AMBIENTE_MALLORCA-COBRE-60X120.jpg\",\"articleSection\":[\"Collections\",\"Nouveautes\"],\"inLanguage\":\"fr-FR\"},{\"@type\":\"WebPage\",\"@id\":\"https:\\\/\\\/www.laplatera.es\\\/fr\\\/decouvrez-la-collection-ceramique-mallorca\\\/\",\"url\":\"https:\\\/\\\/www.laplatera.es\\\/fr\\\/decouvrez-la-collection-ceramique-mallorca\\\/\",\"name\":\"D\u00e9couvrez la collection c\u00e9ramique Mallorca\",\"isPartOf\":{\"@id\":\"https:\\\/\\\/www.laplatera.es\\\/fr\\\/#website\"},\"primaryImageOfPage\":{\"@id\":\"https:\\\/\\\/www.laplatera.es\\\/fr\\\/decouvrez-la-collection-ceramique-mallorca\\\/#primaryimage\"},\"image\":{\"@id\":\"https:\\\/\\\/www.laplatera.es\\\/fr\\\/decouvrez-la-collection-ceramique-mallorca\\\/#primaryimage\"},\"thumbnailUrl\":\"https:\\\/\\\/www.laplatera.es\\\/wp-content\\\/uploads\\\/2024\\\/03\\\/AMBIENTE_MALLORCA-COBRE-60X120.jpg\",\"datePublished\":\"2024-05-08T09:39:24+00:00\",\"description\":\"Collection Mallorca : Carreaux en c\u00e9ramique qui capturent l'essence et l'\u00e9l\u00e9gance des plaques m\u00e9talliques avec un \u00e9mail m\u00e9tallique unique.\",\"breadcrumb\":{\"@id\":\"https:\\\/\\\/www.laplatera.es\\\/fr\\\/decouvrez-la-collection-ceramique-mallorca\\\/#breadcrumb\"},\"inLanguage\":\"fr-FR\",\"potentialAction\":[{\"@type\":\"ReadAction\",\"target\":[\"https:\\\/\\\/www.laplatera.es\\\/fr\\\/decouvrez-la-collection-ceramique-mallorca\\\/\"]}]},{\"@type\":\"ImageObject\",\"inLanguage\":\"fr-FR\",\"@id\":\"https:\\\/\\\/www.laplatera.es\\\/fr\\\/decouvrez-la-collection-ceramique-mallorca\\\/#primaryimage\",\"url\":\"https:\\\/\\\/www.laplatera.es\\\/wp-content\\\/uploads\\\/2024\\\/03\\\/AMBIENTE_MALLORCA-COBRE-60X120.jpg\",\"contentUrl\":\"https:\\\/\\\/www.laplatera.es\\\/wp-content\\\/uploads\\\/2024\\\/03\\\/AMBIENTE_MALLORCA-COBRE-60X120.jpg\",\"width\":2000,\"height\":1400},{\"@type\":\"BreadcrumbList\",\"@id\":\"https:\\\/\\\/www.laplatera.es\\\/fr\\\/decouvrez-la-collection-ceramique-mallorca\\\/#breadcrumb\",\"itemListElement\":[{\"@type\":\"ListItem\",\"position\":1,\"name\":\"Inicio\",\"item\":\"https:\\\/\\\/www.laplatera.es\\\/fr\\\/\"},{\"@type\":\"ListItem\",\"position\":2,\"name\":\"D\u00e9couvrez la collection c\u00e9ramique Mallorca\"}]},{\"@type\":\"WebSite\",\"@id\":\"https:\\\/\\\/www.laplatera.es\\\/fr\\\/#website\",\"url\":\"https:\\\/\\\/www.laplatera.es\\\/fr\\\/\",\"name\":\"La Platera\",\"description\":\"La Platera, m\u00e1s de 60 a\u00f1os fabricando cer\u00e1mica para vuestros proyectos y hogares.\",\"publisher\":{\"@id\":\"https:\\\/\\\/www.laplatera.es\\\/fr\\\/#organization\"},\"potentialAction\":[{\"@type\":\"SearchAction\",\"target\":{\"@type\":\"EntryPoint\",\"urlTemplate\":\"https:\\\/\\\/www.laplatera.es\\\/fr\\\/?s={search_term_string}\"},\"query-input\":{\"@type\":\"PropertyValueSpecification\",\"valueRequired\":true,\"valueName\":\"search_term_string\"}}],\"inLanguage\":\"fr-FR\"},{\"@type\":\"Organization\",\"@id\":\"https:\\\/\\\/www.laplatera.es\\\/fr\\\/#organization\",\"name\":\"La Platera S.A.\",\"url\":\"https:\\\/\\\/www.laplatera.es\\\/fr\\\/\",\"logo\":{\"@type\":\"ImageObject\",\"inLanguage\":\"fr-FR\",\"@id\":\"https:\\\/\\\/www.laplatera.es\\\/fr\\\/#\\\/schema\\\/logo\\\/image\\\/\",\"url\":\"https:\\\/\\\/www.laplatera.es\\\/wp-content\\\/uploads\\\/2019\\\/11\\\/LA-PLATERA-1.png\",\"contentUrl\":\"https:\\\/\\\/www.laplatera.es\\\/wp-content\\\/uploads\\\/2019\\\/11\\\/LA-PLATERA-1.png\",\"width\":248,\"height\":80,\"caption\":\"La Platera S.A.\"},\"image\":{\"@id\":\"https:\\\/\\\/www.laplatera.es\\\/fr\\\/#\\\/schema\\\/logo\\\/image\\\/\"},\"sameAs\":[\"https:\\\/\\\/www.facebook.com\\\/laplatera.es\\\/\",\"https:\\\/\\\/x.com\\\/la_platera\",\"https:\\\/\\\/www.instagram.com\\\/laplatera_ceramica\\\/\",\"https:\\\/\\\/www.linkedin.com\\\/company\\\/la-platera\\\/\",\"https:\\\/\\\/www.pinterest.es\\\/laplatera_es\\\/\",\"https:\\\/\\\/www.youtube.com\\\/channel\\\/UCO4SrLE4LU8_z-aVkLlDU8A\"]},{\"@type\":\"Person\",\"@id\":\"https:\\\/\\\/www.laplatera.es\\\/fr\\\/#\\\/schema\\\/person\\\/3b5e854355cf4857d5d0ad1ee0e1c8db\",\"name\":\"Jordi Trilles\",\"image\":{\"@type\":\"ImageObject\",\"inLanguage\":\"fr-FR\",\"@id\":\"https:\\\/\\\/secure.gravatar.com\\\/avatar\\\/f39806f1d20ab2944bc0360042c4f622714c4c6ceeaa58fe63ebf5b49b57000f?s=96&d=mm&r=g\",\"url\":\"https:\\\/\\\/secure.gravatar.com\\\/avatar\\\/f39806f1d20ab2944bc0360042c4f622714c4c6ceeaa58fe63ebf5b49b57000f?s=96&d=mm&r=g\",\"contentUrl\":\"https:\\\/\\\/secure.gravatar.com\\\/avatar\\\/f39806f1d20ab2944bc0360042c4f622714c4c6ceeaa58fe63ebf5b49b57000f?s=96&d=mm&r=g\",\"caption\":\"Jordi Trilles\"}}]}<\/script>\n<!-- \/ Yoast SEO Premium plugin. -->","yoast_head_json":{"title":"D\u00e9couvrez la collection c\u00e9ramique Mallorca","description":"Collection Mallorca : Carreaux en c\u00e9ramique qui capturent l'essence et l'\u00e9l\u00e9gance des plaques m\u00e9talliques avec un \u00e9mail m\u00e9tallique unique.","robots":{"index":"index","follow":"follow","max-snippet":"max-snippet:-1","max-image-preview":"max-image-preview:large","max-video-preview":"max-video-preview:-1"},"canonical":"https:\/\/www.laplatera.es\/fr\/decouvrez-la-collection-ceramique-mallorca\/","og_locale":"fr_FR","og_type":"article","og_title":"D\u00e9couvrez la collection c\u00e9ramique Mallorca","og_description":"Style et \u00e9l\u00e9gance dans des finitions m\u00e9talliques La collection Mallorca capture l'essence et l'\u00e9l\u00e9gance des plaques m\u00e9talliques avec une gamme de carreaux","og_url":"https:\/\/www.laplatera.es\/fr\/decouvrez-la-collection-ceramique-mallorca\/","og_site_name":"La Platera - Transformamos tus espacios con pavimentos y revestimientos en cer\u00e1mica de alta calidad y dise\u00f1o \u00fanico","article_publisher":"https:\/\/www.facebook.com\/laplatera.es\/","article_published_time":"2024-05-08T09:39:24+00:00","og_image":[{"width":1024,"height":717,"url":"https:\/\/www.laplatera.es\/wp-content\/uploads\/2024\/03\/AMBIENTE_MALLORCA-COBRE-60X120-1024x717.jpg","type":"image\/jpeg"}],"author":"Jordi Trilles","twitter_card":"summary_large_image","twitter_creator":"@la_platera","twitter_site":"@la_platera","twitter_misc":{"\u00c9crit par":"Jordi Trilles","Dur\u00e9e de lecture estim\u00e9e":"2 minutes"},"schema":{"@context":"https:\/\/schema.org","@graph":[{"@type":"Article","@id":"https:\/\/www.laplatera.es\/fr\/decouvrez-la-collection-ceramique-mallorca\/#article","isPartOf":{"@id":"https:\/\/www.laplatera.es\/fr\/decouvrez-la-collection-ceramique-mallorca\/"},"author":{"name":"Jordi Trilles","@id":"https:\/\/www.laplatera.es\/fr\/#\/schema\/person\/3b5e854355cf4857d5d0ad1ee0e1c8db"},"headline":"D\u00e9couvrez la collection c\u00e9ramique Mallorca","datePublished":"2024-05-08T09:39:24+00:00","mainEntityOfPage":{"@id":"https:\/\/www.laplatera.es\/fr\/decouvrez-la-collection-ceramique-mallorca\/"},"wordCount":350,"publisher":{"@id":"https:\/\/www.laplatera.es\/fr\/#organization"},"image":{"@id":"https:\/\/www.laplatera.es\/fr\/decouvrez-la-collection-ceramique-mallorca\/#primaryimage"},"thumbnailUrl":"https:\/\/www.laplatera.es\/wp-content\/uploads\/2024\/03\/AMBIENTE_MALLORCA-COBRE-60X120.jpg","articleSection":["Collections","Nouveautes"],"inLanguage":"fr-FR"},{"@type":"WebPage","@id":"https:\/\/www.laplatera.es\/fr\/decouvrez-la-collection-ceramique-mallorca\/","url":"https:\/\/www.laplatera.es\/fr\/decouvrez-la-collection-ceramique-mallorca\/","name":"D\u00e9couvrez la collection c\u00e9ramique Mallorca","isPartOf":{"@id":"https:\/\/www.laplatera.es\/fr\/#website"},"primaryImageOfPage":{"@id":"https:\/\/www.laplatera.es\/fr\/decouvrez-la-collection-ceramique-mallorca\/#primaryimage"},"image":{"@id":"https:\/\/www.laplatera.es\/fr\/decouvrez-la-collection-ceramique-mallorca\/#primaryimage"},"thumbnailUrl":"https:\/\/www.laplatera.es\/wp-content\/uploads\/2024\/03\/AMBIENTE_MALLORCA-COBRE-60X120.jpg","datePublished":"2024-05-08T09:39:24+00:00","description":"Collection Mallorca : Carreaux en c\u00e9ramique qui capturent l'essence et l'\u00e9l\u00e9gance des plaques m\u00e9talliques avec un \u00e9mail m\u00e9tallique unique.","breadcrumb":{"@id":"https:\/\/www.laplatera.es\/fr\/decouvrez-la-collection-ceramique-mallorca\/#breadcrumb"},"inLanguage":"fr-FR","potentialAction":[{"@type":"ReadAction","target":["https:\/\/www.laplatera.es\/fr\/decouvrez-la-collection-ceramique-mallorca\/"]}]},{"@type":"ImageObject","inLanguage":"fr-FR","@id":"https:\/\/www.laplatera.es\/fr\/decouvrez-la-collection-ceramique-mallorca\/#primaryimage","url":"https:\/\/www.laplatera.es\/wp-content\/uploads\/2024\/03\/AMBIENTE_MALLORCA-COBRE-60X120.jpg","contentUrl":"https:\/\/www.laplatera.es\/wp-content\/uploads\/2024\/03\/AMBIENTE_MALLORCA-COBRE-60X120.jpg","width":2000,"height":1400},{"@type":"BreadcrumbList","@id":"https:\/\/www.laplatera.es\/fr\/decouvrez-la-collection-ceramique-mallorca\/#breadcrumb","itemListElement":[{"@type":"ListItem","position":1,"name":"Inicio","item":"https:\/\/www.laplatera.es\/fr\/"},{"@type":"ListItem","position":2,"name":"D\u00e9couvrez la collection c\u00e9ramique Mallorca"}]},{"@type":"WebSite","@id":"https:\/\/www.laplatera.es\/fr\/#website","url":"https:\/\/www.laplatera.es\/fr\/","name":"La Platera","description":"La Platera, m\u00e1s de 60 a\u00f1os fabricando cer\u00e1mica para vuestros proyectos y hogares.","publisher":{"@id":"https:\/\/www.laplatera.es\/fr\/#organization"},"potentialAction":[{"@type":"SearchAction","target":{"@type":"EntryPoint","urlTemplate":"https:\/\/www.laplatera.es\/fr\/?s={search_term_string}"},"query-input":{"@type":"PropertyValueSpecification","valueRequired":true,"valueName":"search_term_string"}}],"inLanguage":"fr-FR"},{"@type":"Organization","@id":"https:\/\/www.laplatera.es\/fr\/#organization","name":"La Platera S.A.","url":"https:\/\/www.laplatera.es\/fr\/","logo":{"@type":"ImageObject","inLanguage":"fr-FR","@id":"https:\/\/www.laplatera.es\/fr\/#\/schema\/logo\/image\/","url":"https:\/\/www.laplatera.es\/wp-content\/uploads\/2019\/11\/LA-PLATERA-1.png","contentUrl":"https:\/\/www.laplatera.es\/wp-content\/uploads\/2019\/11\/LA-PLATERA-1.png","width":248,"height":80,"caption":"La Platera S.A."},"image":{"@id":"https:\/\/www.laplatera.es\/fr\/#\/schema\/logo\/image\/"},"sameAs":["https:\/\/www.facebook.com\/laplatera.es\/","https:\/\/x.com\/la_platera","https:\/\/www.instagram.com\/laplatera_ceramica\/","https:\/\/www.linkedin.com\/company\/la-platera\/","https:\/\/www.pinterest.es\/laplatera_es\/","https:\/\/www.youtube.com\/channel\/UCO4SrLE4LU8_z-aVkLlDU8A"]},{"@type":"Person","@id":"https:\/\/www.laplatera.es\/fr\/#\/schema\/person\/3b5e854355cf4857d5d0ad1ee0e1c8db","name":"Jordi Trilles","image":{"@type":"ImageObject","inLanguage":"fr-FR","@id":"https:\/\/secure.gravatar.com\/avatar\/f39806f1d20ab2944bc0360042c4f622714c4c6ceeaa58fe63ebf5b49b57000f?s=96&d=mm&r=g","url":"https:\/\/secure.gravatar.com\/avatar\/f39806f1d20ab2944bc0360042c4f622714c4c6ceeaa58fe63ebf5b49b57000f?s=96&d=mm&r=g","contentUrl":"https:\/\/secure.gravatar.com\/avatar\/f39806f1d20ab2944bc0360042c4f622714c4c6ceeaa58fe63ebf5b49b57000f?s=96&d=mm&r=g","caption":"Jordi Trilles"}}]}},"_links":{"self":[{"href":"https:\/\/www.laplatera.es\/fr\/wp-json\/wp\/v2\/posts\/36296","targetHints":{"allow":["GET"]}}],"collection":[{"href":"https:\/\/www.laplatera.es\/fr\/wp-json\/wp\/v2\/posts"}],"about":[{"href":"https:\/\/www.laplatera.es\/fr\/wp-json\/wp\/v2\/types\/post"}],"author":[{"embeddable":true,"href":"https:\/\/www.laplatera.es\/fr\/wp-json\/wp\/v2\/users\/1"}],"replies":[{"embeddable":true,"href":"https:\/\/www.laplatera.es\/fr\/wp-json\/wp\/v2\/comments?post=36296"}],"version-history":[{"count":1,"href":"https:\/\/www.laplatera.es\/fr\/wp-json\/wp\/v2\/posts\/36296\/revisions"}],"predecessor-version":[{"id":36297,"href":"https:\/\/www.laplatera.es\/fr\/wp-json\/wp\/v2\/posts\/36296\/revisions\/36297"}],"wp:featuredmedia":[{"embeddable":true,"href":"https:\/\/www.laplatera.es\/fr\/wp-json\/wp\/v2\/media\/35216"}],"wp:attachment":[{"href":"https:\/\/www.laplatera.es\/fr\/wp-json\/wp\/v2\/media?parent=36296"}],"wp:term":[{"taxonomy":"category","embeddable":true,"href":"https:\/\/www.laplatera.es\/fr\/wp-json\/wp\/v2\/categories?post=36296"},{"taxonomy":"post_tag","embeddable":true,"href":"https:\/\/www.laplatera.es\/fr\/wp-json\/wp\/v2\/tags?post=36296"}],"curies":[{"name":"wp","href":"https:\/\/api.w.org\/{rel}","templated":true}]}}