{"id":31999,"date":"2023-10-05T16:52:21","date_gmt":"2023-10-05T14:52:21","guid":{"rendered":"https:\/\/www.laplatera.es\/la-platera-brille-a-cersaie-2023-avec-de-nouvelles-collections-de-ceramique-eclatantes\/"},"modified":"2023-10-05T16:52:22","modified_gmt":"2023-10-05T14:52:22","slug":"la-platera-brille-a-cersaie-2023-avec-de-nouvelles-collections-de-ceramique-eclatantes","status":"publish","type":"post","link":"https:\/\/www.laplatera.es\/fr\/la-platera-brille-a-cersaie-2023-avec-de-nouvelles-collections-de-ceramique-eclatantes\/","title":{"rendered":"La Platera Brille \u00e0 Cersaie 2023 avec de Nouvelles Collections de C\u00e9ramique \u00c9clatantes"},"content":{"rendered":"\n<h2 class=\"wp-block-heading\" id=\"h-un-agradecimiento-especial-a-nuestra-comunidad-descubre-las-novedades-y-detras-de-escena-de-nuestro-stand-en-la-feria-internacional-de-ceramica\">Un Remerciement Sp\u00e9cial \u00e0 Notre Communaut\u00e9 : D\u00e9couvrez les Nouveaut\u00e9s et les Coulisses de Notre Stand lors du Salon International de la C\u00e9ramique<\/h2>\n\n<p class=\"wp-block-paragraph\">De La Platera, nous voulons exprimer notre plus profonde gratitude \u00e0 chacun des clients et nouveaux visiteurs qui se sont approch\u00e9s de notre <a href=\"https:\/\/www.laplatera.es\/eventos\/cersaie-2023\">stand<\/a> lors du salon de la c\u00e9ramique <a href=\"https:\/\/www.cersaie.it\/it\/index.php\">Cersaie 2023<\/a>, qui a eu lieu du 25 au 29 septembre. Ce fut un honneur et un plaisir de partager avec vous nos derni\u00e8res collections et de recevoir vos retours, qui sont essentiels pour notre croissance et notre am\u00e9lioration continues.<\/p>\n\n<p class=\"wp-block-paragraph\">Notre espace d&rsquo;exposition lors du salon a \u00e9t\u00e9 une vitrine vibrante de ce que repr\u00e9sente La Platera : qualit\u00e9, \u00e9l\u00e9gance et, bien s\u00fbr, plaisir dans le design. Nous nous sommes efforc\u00e9s de pr\u00e9senter nos produits d&rsquo;une mani\u00e8re \u00e0 la fois claire et \u00e9l\u00e9gante, mais aussi ludique et accessible, cr\u00e9ant une atmosph\u00e8re joyeuse que nous esp\u00e9rons que vous avez tous appr\u00e9ci\u00e9e autant que nous.<\/p>\n\n<p class=\"wp-block-paragraph\">Nous sommes fiers d&rsquo;avoir pr\u00e9sent\u00e9 nos nouvelles collections : <a href=\"https:\/\/www.laplatera.es\/colecciones\/mallorca\/\">Mallorca<\/a>, <a href=\"https:\/\/www.laplatera.es\/colecciones\/menorca\/\">Menorca<\/a> et <a href=\"https:\/\/www.laplatera.es\/colecciones\/denizli\/\">Denizli<\/a>, ainsi que toute la famille <a href=\"https:\/\/www.laplatera.es\/fr\/fun-tiles\/\">FUN<\/a>, qui comprend les collections <a href=\"https:\/\/www.laplatera.es\/fr\/fun-tiles\/collections-2\/capri\/\">Capri<\/a>, <a href=\"https:\/\/www.laplatera.es\/fr\/fun-tiles\/collections-2\/earth\/\">Earth<\/a>, <a href=\"https:\/\/www.laplatera.es\/fun-tiles\/colecciones\/gold\/\/\">Gold<\/a>, <a href=\"https:\/\/www.laplatera.es\/fr\/fun-tiles\/collections-2\/kromo\/\">Kromo<\/a>, <a href=\"https:\/\/www.laplatera.es\/fr\/fun-tiles\/collections-2\/lure\/\">Lure<\/a>, <a href=\"https:\/\/www.laplatera.es\/fr\/fun-tiles\/collections-2\/onik\/\">Onik<\/a>, <a href=\"https:\/\/www.laplatera.es\/fr\/fun-tiles\/collections-2\/raku\/\">Raku<\/a>, <a href=\"https:\/\/www.laplatera.es\/fr\/fun-tiles\/collections-2\/silvery\/\">Silvery<\/a> et <a href=\"https:\/\/www.laplatera.es\/fun-tiles\/colecciones\/stone\/\/\">Stone<\/a>.<\/p>\n\n<p class=\"wp-block-paragraph\">La collection <strong>Mallorca<\/strong> se distingue par sa finition m\u00e9tallique brillante, disponible en 3 couleurs &#8211; Cuivre, Blanc et Oc\u00e9an &#8211; et deux formats, 60&#215;60 et 60&#215;120 en porcelaine. Sa d\u00e9coration, fabriqu\u00e9e avec la technologie D-LINE Plus et un grain m\u00e9tallique superficiel, offre des brillances in\u00e9gal\u00e9es qui capturent et refl\u00e8tent la lumi\u00e8re de mani\u00e8re spectaculaire.<\/p>\n\n<p class=\"wp-block-paragraph\">D&rsquo;autre part, <strong>Menorca<\/strong>, avec son esth\u00e9tique de ciment doux, est disponible en Blanc, Gris et Beige, \u00e9galement en formats 60&#215;60 et 60&#215;120 en porcelaine. La technologie D-LINE apporte une profondeur surprenante \u00e0 ses veines et dessins, cr\u00e9ant une texture riche et tactile.<\/p>\n\n<p class=\"wp-block-paragraph\">La collection <strong>Denizli<\/strong> nous apporte la beaut\u00e9 du travertin dans une couleur unique, disponible en formats 60&#215;60 et 60&#215;120 en porcelaine, et \u00e9galement en finition antid\u00e9rapante pour assurer \u00e0 la fois l&rsquo;esth\u00e9tique et la fonctionnalit\u00e9.<\/p>\n\n<p class=\"wp-block-paragraph\">Et, bien s\u00fbr, notre famille <strong>FUN<\/strong> &#8211; une s\u00e9rie en p\u00e2te blanche pour le rev\u00eatement qui se distingue par ses mod\u00e8les Brick et Pencil, selon la pr\u00e9-d\u00e9coupe r\u00e9alis\u00e9e sur le mod\u00e8le. La s\u00e9rie FUN est particuli\u00e8rement excitante en raison de sa facilit\u00e9 d&rsquo;installation, similaire \u00e0 n&rsquo;importe quelle pi\u00e8ce de c\u00e9ramique, mais avec une finition qui \u00e9mule une mosa\u00efque une fois jointoy\u00e9e.<\/p>\n\n<p class=\"wp-block-paragraph\">Chaque pi\u00e8ce que nous cr\u00e9ons \u00e0 La Platera est con\u00e7ue en pensant \u00e0 nos clients, cherchant toujours \u00e0 offrir des options \u00e0 la fois esth\u00e9tiquement agr\u00e9ables et fonctionnellement solides. Votre soutien et vos retours lors d&rsquo;\u00e9v\u00e9nements comme le Cersaie sont inestimables pour nous, et nous sommes ravis de continuer \u00e0 apporter \u00e0 vos foyers et projets des pi\u00e8ces qui enchantent et perdurent.<\/p>\n\n<p class=\"wp-block-paragraph\">Merci de faire partie de notre histoire et de nous permettre de faire partie de vos espaces. \u00c0 la prochaine !<\/p>\n\n<figure class=\"wp-block-embed is-type-video is-provider-youtube wp-block-embed-youtube wp-embed-aspect-16-9 wp-has-aspect-ratio\"><div class=\"wp-block-embed__wrapper\">\n<iframe title=\"Feria de Cersaie 2023\" width=\"1170\" height=\"658\" src=\"https:\/\/www.youtube.com\/embed\/oz3QEm0P3Dg?feature=oembed\" frameborder=\"0\" allow=\"accelerometer; autoplay; clipboard-write; encrypted-media; gyroscope; picture-in-picture; web-share\" allowfullscreen><\/iframe>\n<\/div><\/figure>\n","protected":false},"excerpt":{"rendered":"<p>Un Remerciement Sp\u00e9cial \u00e0 Notre Communaut\u00e9 : D\u00e9couvrez les Nouveaut\u00e9s et les Coulisses de Notre<\/p>\n<div class=\"read-more\"><a href=\"https:\/\/www.laplatera.es\/fr\/la-platera-brille-a-cersaie-2023-avec-de-nouvelles-collections-de-ceramique-eclatantes\/\" class=\"more-link\">Read More<\/a><\/div>\n","protected":false},"author":1,"featured_media":31933,"comment_status":"closed","ping_status":"closed","sticky":false,"template":"","format":"standard","meta":{"_acf_changed":false,"footnotes":""},"categories":[71,87],"tags":[],"class_list":["post-31999","post","type-post","status-publish","format-standard","has-post-thumbnail","hentry","category-informations","category-salons","entry"],"acf":[],"yoast_head":"<!-- This site is optimized with the Yoast SEO Premium plugin v28.3 (Yoast SEO v28.3) - https:\/\/yoast.com\/product\/yoast-seo-premium-wordpress\/ -->\n<title>La Platera Brille \u00e0 Cersaie 2023 avec de Nouvelles Collections de C\u00e9ramique \u00c9clatantes<\/title>\n<meta name=\"description\" content=\"D\u00e9couvrez de nouvelles collections de c\u00e9ramique de La Platera \u00e0 Cersaie 2023. Remerciant tous les visiteurs et partageant des innovations en design et qualit\u00e9 unique.\" \/>\n<meta name=\"robots\" content=\"index, follow, max-snippet:-1, max-image-preview:large, max-video-preview:-1\" \/>\n<link rel=\"canonical\" href=\"https:\/\/www.laplatera.es\/fr\/la-platera-brille-a-cersaie-2023-avec-de-nouvelles-collections-de-ceramique-eclatantes\/\" \/>\n<meta property=\"og:locale\" content=\"fr_FR\" \/>\n<meta property=\"og:type\" content=\"article\" \/>\n<meta property=\"og:title\" content=\"La Platera Brille \u00e0 Cersaie 2023 avec de Nouvelles Collections de C\u00e9ramique \u00c9clatantes\" \/>\n<meta property=\"og:description\" content=\"Un Remerciement Sp\u00e9cial \u00e0 Notre Communaut\u00e9 : D\u00e9couvrez les Nouveaut\u00e9s et les Coulisses de Notre Stand lors du Salon International de la C\u00e9ramique De La\" \/>\n<meta property=\"og:url\" content=\"https:\/\/www.laplatera.es\/fr\/la-platera-brille-a-cersaie-2023-avec-de-nouvelles-collections-de-ceramique-eclatantes\/\" \/>\n<meta property=\"og:site_name\" content=\"La Platera - Transformamos tus espacios con pavimentos y revestimientos en cer\u00e1mica de alta calidad y dise\u00f1o \u00fanico\" \/>\n<meta property=\"article:publisher\" content=\"https:\/\/www.facebook.com\/laplatera.es\/\" \/>\n<meta property=\"article:published_time\" content=\"2023-10-05T14:52:21+00:00\" \/>\n<meta property=\"article:modified_time\" content=\"2023-10-05T14:52:22+00:00\" \/>\n<meta property=\"og:image\" content=\"https:\/\/www.laplatera.es\/wp-content\/uploads\/2023\/10\/CERSAIE-2023_33-1024x768.jpg\" \/>\n\t<meta property=\"og:image:width\" content=\"1024\" \/>\n\t<meta property=\"og:image:height\" content=\"768\" \/>\n\t<meta property=\"og:image:type\" content=\"image\/jpeg\" \/>\n<meta name=\"author\" content=\"Jordi Trilles\" \/>\n<meta name=\"twitter:card\" content=\"summary_large_image\" \/>\n<meta name=\"twitter:creator\" content=\"@la_platera\" \/>\n<meta name=\"twitter:site\" content=\"@la_platera\" \/>\n<meta name=\"twitter:label1\" content=\"\u00c9crit par\" \/>\n\t<meta name=\"twitter:data1\" content=\"Jordi Trilles\" \/>\n\t<meta name=\"twitter:label2\" content=\"Dur\u00e9e de lecture estim\u00e9e\" \/>\n\t<meta name=\"twitter:data2\" content=\"3 minutes\" \/>\n<script type=\"application\/ld+json\" class=\"yoast-schema-graph\">{\"@context\":\"https:\\\/\\\/schema.org\",\"@graph\":[{\"@type\":\"Article\",\"@id\":\"https:\\\/\\\/www.laplatera.es\\\/fr\\\/la-platera-brille-a-cersaie-2023-avec-de-nouvelles-collections-de-ceramique-eclatantes\\\/#article\",\"isPartOf\":{\"@id\":\"https:\\\/\\\/www.laplatera.es\\\/fr\\\/la-platera-brille-a-cersaie-2023-avec-de-nouvelles-collections-de-ceramique-eclatantes\\\/\"},\"author\":{\"name\":\"Jordi Trilles\",\"@id\":\"https:\\\/\\\/www.laplatera.es\\\/fr\\\/#\\\/schema\\\/person\\\/3b5e854355cf4857d5d0ad1ee0e1c8db\"},\"headline\":\"La Platera Brille \u00e0 Cersaie 2023 avec de Nouvelles Collections de C\u00e9ramique \u00c9clatantes\",\"datePublished\":\"2023-10-05T14:52:21+00:00\",\"dateModified\":\"2023-10-05T14:52:22+00:00\",\"mainEntityOfPage\":{\"@id\":\"https:\\\/\\\/www.laplatera.es\\\/fr\\\/la-platera-brille-a-cersaie-2023-avec-de-nouvelles-collections-de-ceramique-eclatantes\\\/\"},\"wordCount\":531,\"publisher\":{\"@id\":\"https:\\\/\\\/www.laplatera.es\\\/fr\\\/#organization\"},\"image\":{\"@id\":\"https:\\\/\\\/www.laplatera.es\\\/fr\\\/la-platera-brille-a-cersaie-2023-avec-de-nouvelles-collections-de-ceramique-eclatantes\\\/#primaryimage\"},\"thumbnailUrl\":\"https:\\\/\\\/www.laplatera.es\\\/wp-content\\\/uploads\\\/2023\\\/10\\\/CERSAIE-2023_33.jpg\",\"articleSection\":[\"Informations\",\"Salons\"],\"inLanguage\":\"fr-FR\"},{\"@type\":\"WebPage\",\"@id\":\"https:\\\/\\\/www.laplatera.es\\\/fr\\\/la-platera-brille-a-cersaie-2023-avec-de-nouvelles-collections-de-ceramique-eclatantes\\\/\",\"url\":\"https:\\\/\\\/www.laplatera.es\\\/fr\\\/la-platera-brille-a-cersaie-2023-avec-de-nouvelles-collections-de-ceramique-eclatantes\\\/\",\"name\":\"La Platera Brille \u00e0 Cersaie 2023 avec de Nouvelles Collections de C\u00e9ramique \u00c9clatantes\",\"isPartOf\":{\"@id\":\"https:\\\/\\\/www.laplatera.es\\\/fr\\\/#website\"},\"primaryImageOfPage\":{\"@id\":\"https:\\\/\\\/www.laplatera.es\\\/fr\\\/la-platera-brille-a-cersaie-2023-avec-de-nouvelles-collections-de-ceramique-eclatantes\\\/#primaryimage\"},\"image\":{\"@id\":\"https:\\\/\\\/www.laplatera.es\\\/fr\\\/la-platera-brille-a-cersaie-2023-avec-de-nouvelles-collections-de-ceramique-eclatantes\\\/#primaryimage\"},\"thumbnailUrl\":\"https:\\\/\\\/www.laplatera.es\\\/wp-content\\\/uploads\\\/2023\\\/10\\\/CERSAIE-2023_33.jpg\",\"datePublished\":\"2023-10-05T14:52:21+00:00\",\"dateModified\":\"2023-10-05T14:52:22+00:00\",\"description\":\"D\u00e9couvrez de nouvelles collections de c\u00e9ramique de La Platera \u00e0 Cersaie 2023. Remerciant tous les visiteurs et partageant des innovations en design et qualit\u00e9 unique.\",\"breadcrumb\":{\"@id\":\"https:\\\/\\\/www.laplatera.es\\\/fr\\\/la-platera-brille-a-cersaie-2023-avec-de-nouvelles-collections-de-ceramique-eclatantes\\\/#breadcrumb\"},\"inLanguage\":\"fr-FR\",\"potentialAction\":[{\"@type\":\"ReadAction\",\"target\":[\"https:\\\/\\\/www.laplatera.es\\\/fr\\\/la-platera-brille-a-cersaie-2023-avec-de-nouvelles-collections-de-ceramique-eclatantes\\\/\"]}]},{\"@type\":\"ImageObject\",\"inLanguage\":\"fr-FR\",\"@id\":\"https:\\\/\\\/www.laplatera.es\\\/fr\\\/la-platera-brille-a-cersaie-2023-avec-de-nouvelles-collections-de-ceramique-eclatantes\\\/#primaryimage\",\"url\":\"https:\\\/\\\/www.laplatera.es\\\/wp-content\\\/uploads\\\/2023\\\/10\\\/CERSAIE-2023_33.jpg\",\"contentUrl\":\"https:\\\/\\\/www.laplatera.es\\\/wp-content\\\/uploads\\\/2023\\\/10\\\/CERSAIE-2023_33.jpg\",\"width\":2000,\"height\":1500},{\"@type\":\"BreadcrumbList\",\"@id\":\"https:\\\/\\\/www.laplatera.es\\\/fr\\\/la-platera-brille-a-cersaie-2023-avec-de-nouvelles-collections-de-ceramique-eclatantes\\\/#breadcrumb\",\"itemListElement\":[{\"@type\":\"ListItem\",\"position\":1,\"name\":\"Inicio\",\"item\":\"https:\\\/\\\/www.laplatera.es\\\/fr\\\/\"},{\"@type\":\"ListItem\",\"position\":2,\"name\":\"La Platera Brille \u00e0 Cersaie 2023 avec de Nouvelles Collections de C\u00e9ramique \u00c9clatantes\"}]},{\"@type\":\"WebSite\",\"@id\":\"https:\\\/\\\/www.laplatera.es\\\/fr\\\/#website\",\"url\":\"https:\\\/\\\/www.laplatera.es\\\/fr\\\/\",\"name\":\"La Platera\",\"description\":\"La Platera, m\u00e1s de 60 a\u00f1os fabricando cer\u00e1mica para vuestros proyectos y hogares.\",\"publisher\":{\"@id\":\"https:\\\/\\\/www.laplatera.es\\\/fr\\\/#organization\"},\"potentialAction\":[{\"@type\":\"SearchAction\",\"target\":{\"@type\":\"EntryPoint\",\"urlTemplate\":\"https:\\\/\\\/www.laplatera.es\\\/fr\\\/?s={search_term_string}\"},\"query-input\":{\"@type\":\"PropertyValueSpecification\",\"valueRequired\":true,\"valueName\":\"search_term_string\"}}],\"inLanguage\":\"fr-FR\"},{\"@type\":\"Organization\",\"@id\":\"https:\\\/\\\/www.laplatera.es\\\/fr\\\/#organization\",\"name\":\"La Platera S.A.\",\"url\":\"https:\\\/\\\/www.laplatera.es\\\/fr\\\/\",\"logo\":{\"@type\":\"ImageObject\",\"inLanguage\":\"fr-FR\",\"@id\":\"https:\\\/\\\/www.laplatera.es\\\/fr\\\/#\\\/schema\\\/logo\\\/image\\\/\",\"url\":\"https:\\\/\\\/www.laplatera.es\\\/wp-content\\\/uploads\\\/2019\\\/11\\\/LA-PLATERA-1.png\",\"contentUrl\":\"https:\\\/\\\/www.laplatera.es\\\/wp-content\\\/uploads\\\/2019\\\/11\\\/LA-PLATERA-1.png\",\"width\":248,\"height\":80,\"caption\":\"La Platera S.A.\"},\"image\":{\"@id\":\"https:\\\/\\\/www.laplatera.es\\\/fr\\\/#\\\/schema\\\/logo\\\/image\\\/\"},\"sameAs\":[\"https:\\\/\\\/www.facebook.com\\\/laplatera.es\\\/\",\"https:\\\/\\\/x.com\\\/la_platera\",\"https:\\\/\\\/www.instagram.com\\\/laplatera_ceramica\\\/\",\"https:\\\/\\\/www.linkedin.com\\\/company\\\/la-platera\\\/\",\"https:\\\/\\\/www.pinterest.es\\\/laplatera_es\\\/\",\"https:\\\/\\\/www.youtube.com\\\/channel\\\/UCO4SrLE4LU8_z-aVkLlDU8A\"]},{\"@type\":\"Person\",\"@id\":\"https:\\\/\\\/www.laplatera.es\\\/fr\\\/#\\\/schema\\\/person\\\/3b5e854355cf4857d5d0ad1ee0e1c8db\",\"name\":\"Jordi Trilles\",\"image\":{\"@type\":\"ImageObject\",\"inLanguage\":\"fr-FR\",\"@id\":\"https:\\\/\\\/secure.gravatar.com\\\/avatar\\\/f39806f1d20ab2944bc0360042c4f622714c4c6ceeaa58fe63ebf5b49b57000f?s=96&d=mm&r=g\",\"url\":\"https:\\\/\\\/secure.gravatar.com\\\/avatar\\\/f39806f1d20ab2944bc0360042c4f622714c4c6ceeaa58fe63ebf5b49b57000f?s=96&d=mm&r=g\",\"contentUrl\":\"https:\\\/\\\/secure.gravatar.com\\\/avatar\\\/f39806f1d20ab2944bc0360042c4f622714c4c6ceeaa58fe63ebf5b49b57000f?s=96&d=mm&r=g\",\"caption\":\"Jordi Trilles\"}}]}<\/script>\n<!-- \/ Yoast SEO Premium plugin. -->","yoast_head_json":{"title":"La Platera Brille \u00e0 Cersaie 2023 avec de Nouvelles Collections de C\u00e9ramique \u00c9clatantes","description":"D\u00e9couvrez de nouvelles collections de c\u00e9ramique de La Platera \u00e0 Cersaie 2023. Remerciant tous les visiteurs et partageant des innovations en design et qualit\u00e9 unique.","robots":{"index":"index","follow":"follow","max-snippet":"max-snippet:-1","max-image-preview":"max-image-preview:large","max-video-preview":"max-video-preview:-1"},"canonical":"https:\/\/www.laplatera.es\/fr\/la-platera-brille-a-cersaie-2023-avec-de-nouvelles-collections-de-ceramique-eclatantes\/","og_locale":"fr_FR","og_type":"article","og_title":"La Platera Brille \u00e0 Cersaie 2023 avec de Nouvelles Collections de C\u00e9ramique \u00c9clatantes","og_description":"Un Remerciement Sp\u00e9cial \u00e0 Notre Communaut\u00e9 : D\u00e9couvrez les Nouveaut\u00e9s et les Coulisses de Notre Stand lors du Salon International de la C\u00e9ramique De La","og_url":"https:\/\/www.laplatera.es\/fr\/la-platera-brille-a-cersaie-2023-avec-de-nouvelles-collections-de-ceramique-eclatantes\/","og_site_name":"La Platera - Transformamos tus espacios con pavimentos y revestimientos en cer\u00e1mica de alta calidad y dise\u00f1o \u00fanico","article_publisher":"https:\/\/www.facebook.com\/laplatera.es\/","article_published_time":"2023-10-05T14:52:21+00:00","article_modified_time":"2023-10-05T14:52:22+00:00","og_image":[{"width":1024,"height":768,"url":"https:\/\/www.laplatera.es\/wp-content\/uploads\/2023\/10\/CERSAIE-2023_33-1024x768.jpg","type":"image\/jpeg"}],"author":"Jordi Trilles","twitter_card":"summary_large_image","twitter_creator":"@la_platera","twitter_site":"@la_platera","twitter_misc":{"\u00c9crit par":"Jordi Trilles","Dur\u00e9e de lecture estim\u00e9e":"3 minutes"},"schema":{"@context":"https:\/\/schema.org","@graph":[{"@type":"Article","@id":"https:\/\/www.laplatera.es\/fr\/la-platera-brille-a-cersaie-2023-avec-de-nouvelles-collections-de-ceramique-eclatantes\/#article","isPartOf":{"@id":"https:\/\/www.laplatera.es\/fr\/la-platera-brille-a-cersaie-2023-avec-de-nouvelles-collections-de-ceramique-eclatantes\/"},"author":{"name":"Jordi Trilles","@id":"https:\/\/www.laplatera.es\/fr\/#\/schema\/person\/3b5e854355cf4857d5d0ad1ee0e1c8db"},"headline":"La Platera Brille \u00e0 Cersaie 2023 avec de Nouvelles Collections de C\u00e9ramique \u00c9clatantes","datePublished":"2023-10-05T14:52:21+00:00","dateModified":"2023-10-05T14:52:22+00:00","mainEntityOfPage":{"@id":"https:\/\/www.laplatera.es\/fr\/la-platera-brille-a-cersaie-2023-avec-de-nouvelles-collections-de-ceramique-eclatantes\/"},"wordCount":531,"publisher":{"@id":"https:\/\/www.laplatera.es\/fr\/#organization"},"image":{"@id":"https:\/\/www.laplatera.es\/fr\/la-platera-brille-a-cersaie-2023-avec-de-nouvelles-collections-de-ceramique-eclatantes\/#primaryimage"},"thumbnailUrl":"https:\/\/www.laplatera.es\/wp-content\/uploads\/2023\/10\/CERSAIE-2023_33.jpg","articleSection":["Informations","Salons"],"inLanguage":"fr-FR"},{"@type":"WebPage","@id":"https:\/\/www.laplatera.es\/fr\/la-platera-brille-a-cersaie-2023-avec-de-nouvelles-collections-de-ceramique-eclatantes\/","url":"https:\/\/www.laplatera.es\/fr\/la-platera-brille-a-cersaie-2023-avec-de-nouvelles-collections-de-ceramique-eclatantes\/","name":"La Platera Brille \u00e0 Cersaie 2023 avec de Nouvelles Collections de C\u00e9ramique \u00c9clatantes","isPartOf":{"@id":"https:\/\/www.laplatera.es\/fr\/#website"},"primaryImageOfPage":{"@id":"https:\/\/www.laplatera.es\/fr\/la-platera-brille-a-cersaie-2023-avec-de-nouvelles-collections-de-ceramique-eclatantes\/#primaryimage"},"image":{"@id":"https:\/\/www.laplatera.es\/fr\/la-platera-brille-a-cersaie-2023-avec-de-nouvelles-collections-de-ceramique-eclatantes\/#primaryimage"},"thumbnailUrl":"https:\/\/www.laplatera.es\/wp-content\/uploads\/2023\/10\/CERSAIE-2023_33.jpg","datePublished":"2023-10-05T14:52:21+00:00","dateModified":"2023-10-05T14:52:22+00:00","description":"D\u00e9couvrez de nouvelles collections de c\u00e9ramique de La Platera \u00e0 Cersaie 2023. Remerciant tous les visiteurs et partageant des innovations en design et qualit\u00e9 unique.","breadcrumb":{"@id":"https:\/\/www.laplatera.es\/fr\/la-platera-brille-a-cersaie-2023-avec-de-nouvelles-collections-de-ceramique-eclatantes\/#breadcrumb"},"inLanguage":"fr-FR","potentialAction":[{"@type":"ReadAction","target":["https:\/\/www.laplatera.es\/fr\/la-platera-brille-a-cersaie-2023-avec-de-nouvelles-collections-de-ceramique-eclatantes\/"]}]},{"@type":"ImageObject","inLanguage":"fr-FR","@id":"https:\/\/www.laplatera.es\/fr\/la-platera-brille-a-cersaie-2023-avec-de-nouvelles-collections-de-ceramique-eclatantes\/#primaryimage","url":"https:\/\/www.laplatera.es\/wp-content\/uploads\/2023\/10\/CERSAIE-2023_33.jpg","contentUrl":"https:\/\/www.laplatera.es\/wp-content\/uploads\/2023\/10\/CERSAIE-2023_33.jpg","width":2000,"height":1500},{"@type":"BreadcrumbList","@id":"https:\/\/www.laplatera.es\/fr\/la-platera-brille-a-cersaie-2023-avec-de-nouvelles-collections-de-ceramique-eclatantes\/#breadcrumb","itemListElement":[{"@type":"ListItem","position":1,"name":"Inicio","item":"https:\/\/www.laplatera.es\/fr\/"},{"@type":"ListItem","position":2,"name":"La Platera Brille \u00e0 Cersaie 2023 avec de Nouvelles Collections de C\u00e9ramique \u00c9clatantes"}]},{"@type":"WebSite","@id":"https:\/\/www.laplatera.es\/fr\/#website","url":"https:\/\/www.laplatera.es\/fr\/","name":"La Platera","description":"La Platera, m\u00e1s de 60 a\u00f1os fabricando cer\u00e1mica para vuestros proyectos y hogares.","publisher":{"@id":"https:\/\/www.laplatera.es\/fr\/#organization"},"potentialAction":[{"@type":"SearchAction","target":{"@type":"EntryPoint","urlTemplate":"https:\/\/www.laplatera.es\/fr\/?s={search_term_string}"},"query-input":{"@type":"PropertyValueSpecification","valueRequired":true,"valueName":"search_term_string"}}],"inLanguage":"fr-FR"},{"@type":"Organization","@id":"https:\/\/www.laplatera.es\/fr\/#organization","name":"La Platera S.A.","url":"https:\/\/www.laplatera.es\/fr\/","logo":{"@type":"ImageObject","inLanguage":"fr-FR","@id":"https:\/\/www.laplatera.es\/fr\/#\/schema\/logo\/image\/","url":"https:\/\/www.laplatera.es\/wp-content\/uploads\/2019\/11\/LA-PLATERA-1.png","contentUrl":"https:\/\/www.laplatera.es\/wp-content\/uploads\/2019\/11\/LA-PLATERA-1.png","width":248,"height":80,"caption":"La Platera S.A."},"image":{"@id":"https:\/\/www.laplatera.es\/fr\/#\/schema\/logo\/image\/"},"sameAs":["https:\/\/www.facebook.com\/laplatera.es\/","https:\/\/x.com\/la_platera","https:\/\/www.instagram.com\/laplatera_ceramica\/","https:\/\/www.linkedin.com\/company\/la-platera\/","https:\/\/www.pinterest.es\/laplatera_es\/","https:\/\/www.youtube.com\/channel\/UCO4SrLE4LU8_z-aVkLlDU8A"]},{"@type":"Person","@id":"https:\/\/www.laplatera.es\/fr\/#\/schema\/person\/3b5e854355cf4857d5d0ad1ee0e1c8db","name":"Jordi Trilles","image":{"@type":"ImageObject","inLanguage":"fr-FR","@id":"https:\/\/secure.gravatar.com\/avatar\/f39806f1d20ab2944bc0360042c4f622714c4c6ceeaa58fe63ebf5b49b57000f?s=96&d=mm&r=g","url":"https:\/\/secure.gravatar.com\/avatar\/f39806f1d20ab2944bc0360042c4f622714c4c6ceeaa58fe63ebf5b49b57000f?s=96&d=mm&r=g","contentUrl":"https:\/\/secure.gravatar.com\/avatar\/f39806f1d20ab2944bc0360042c4f622714c4c6ceeaa58fe63ebf5b49b57000f?s=96&d=mm&r=g","caption":"Jordi Trilles"}}]}},"_links":{"self":[{"href":"https:\/\/www.laplatera.es\/fr\/wp-json\/wp\/v2\/posts\/31999","targetHints":{"allow":["GET"]}}],"collection":[{"href":"https:\/\/www.laplatera.es\/fr\/wp-json\/wp\/v2\/posts"}],"about":[{"href":"https:\/\/www.laplatera.es\/fr\/wp-json\/wp\/v2\/types\/post"}],"author":[{"embeddable":true,"href":"https:\/\/www.laplatera.es\/fr\/wp-json\/wp\/v2\/users\/1"}],"replies":[{"embeddable":true,"href":"https:\/\/www.laplatera.es\/fr\/wp-json\/wp\/v2\/comments?post=31999"}],"version-history":[{"count":1,"href":"https:\/\/www.laplatera.es\/fr\/wp-json\/wp\/v2\/posts\/31999\/revisions"}],"predecessor-version":[{"id":32000,"href":"https:\/\/www.laplatera.es\/fr\/wp-json\/wp\/v2\/posts\/31999\/revisions\/32000"}],"wp:featuredmedia":[{"embeddable":true,"href":"https:\/\/www.laplatera.es\/fr\/wp-json\/wp\/v2\/media\/31933"}],"wp:attachment":[{"href":"https:\/\/www.laplatera.es\/fr\/wp-json\/wp\/v2\/media?parent=31999"}],"wp:term":[{"taxonomy":"category","embeddable":true,"href":"https:\/\/www.laplatera.es\/fr\/wp-json\/wp\/v2\/categories?post=31999"},{"taxonomy":"post_tag","embeddable":true,"href":"https:\/\/www.laplatera.es\/fr\/wp-json\/wp\/v2\/tags?post=31999"}],"curies":[{"name":"wp","href":"https:\/\/api.w.org\/{rel}","templated":true}]}}