{"id":31376,"date":"2023-08-21T11:27:11","date_gmt":"2023-08-21T09:27:11","guid":{"rendered":"https:\/\/www.laplatera.es\/bienvenue-dans-un-monde-de-luxe-et-delegance-avec-la-collection-de-ceramiques-aureus\/"},"modified":"2023-08-21T11:27:11","modified_gmt":"2023-08-21T09:27:11","slug":"bienvenue-dans-un-monde-de-luxe-et-delegance-avec-la-collection-de-ceramiques-aureus","status":"publish","type":"post","link":"https:\/\/www.laplatera.es\/fr\/bienvenue-dans-un-monde-de-luxe-et-delegance-avec-la-collection-de-ceramiques-aureus\/","title":{"rendered":"Bienvenue dans un Monde de Luxe et d&rsquo;\u00c9l\u00e9gance avec la Collection de C\u00e9ramiques AUREUS !"},"content":{"rendered":"\n<p class=\"wp-block-paragraph\">Nous vous invitons \u00e0 d\u00e9couvrir la magnifique Collection de C\u00e9ramiques <a href=\"https:\/\/www.laplatera.es\/fr\/collections\/aureus\/\">AUREUS<\/a>, o\u00f9 la sophistication et l&rsquo;\u00e9l\u00e9gance se marient pour embellir \u00e0 la fois vos int\u00e9rieurs et vos ext\u00e9rieurs. Inspir\u00e9e par la grandeur des marbres romains classiques et enrichie d&rsquo;accents dor\u00e9s, cette gamme unique de rev\u00eatements et de rev\u00eatements de sol en c\u00e9ramique est l\u00e0 pour transformer vos espaces avec une touche de luxe et de distinction in\u00e9gal\u00e9e.<\/p>\n\n<p class=\"wp-block-paragraph\"><strong>Exp\u00e9rimentez la Polyvalence avec AUREUS<\/strong><\/p>\n\n<p class=\"wp-block-paragraph\">La Collection de C\u00e9ramiques AUREUS est vraiment polyvalente. Chaque pi\u00e8ce a \u00e9t\u00e9 m\u00e9ticuleusement con\u00e7ue pour compl\u00e9ter une grande vari\u00e9t\u00e9 de d\u00e9cors, tant \u00e0 l&rsquo;int\u00e9rieur qu&rsquo;\u00e0 l&rsquo;ext\u00e9rieur. Son \u00e9clatante blancheur apporte luminosit\u00e9 et clart\u00e9, tandis que le design inspir\u00e9 du marbre Calacatta avec des veines dor\u00e9es subtiles en relief ajoute une touche d&rsquo;\u00e9l\u00e9gance et de raffinement.<\/p>\n\n<p class=\"wp-block-paragraph\"><strong>Un Design Innovant qui se D\u00e9marque<\/strong><\/p>\n\n<p class=\"wp-block-paragraph\">L&rsquo;inspiration derri\u00e8re AUREUS vient du luxe et de l&rsquo;exclusivit\u00e9 de l&rsquo;or. Gr\u00e2ce \u00e0 la technologie de pointe D-LINE, la Collection de C\u00e9ramiques AUREUS atteint une texture exceptionnelle qui refl\u00e8te la profondeur, la brillance et l&rsquo;authenticit\u00e9 du marbre naturel. Chaque pi\u00e8ce d&rsquo;AUREUS est un chef-d&rsquo;\u0153uvre qui insuffle sophistication et luxe dans vos espaces.<\/p>\n\n<p class=\"wp-block-paragraph\"><strong>Cr\u00e9ez Votre Propre Style avec AUREUS<\/strong><\/p>\n\n<p class=\"wp-block-paragraph\">La Collection de C\u00e9ramiques AUREUS offre une palette infinie d&rsquo;options pour exprimer votre style personnel. Que ce soit en l&rsquo;associant \u00e0 diff\u00e9rents mat\u00e9riaux ou en explorant une large gamme de couleurs, les possibilit\u00e9s sont infinies. De plus, les pi\u00e8ces d&rsquo;AUREUS s&rsquo;harmonisent parfaitement avec des \u00e9l\u00e9ments d\u00e9coratifs en bois, en m\u00e9tal, en porcelaine et plus encore, enrichissant vos espaces d&rsquo;une touche vraiment distinctive.<\/p>\n\n<p class=\"wp-block-paragraph\"><strong>Choisissez le Format Id\u00e9al pour Vous<\/strong><\/p>\n\n<p class=\"wp-block-paragraph\">La Collection de C\u00e9ramiques AUREUS est disponible en deux formats : <a href=\"https:\/\/www.laplatera.es\/fr\/collections\/aureus\/aureus\/aureus-60x120\/\">60&#215;120<\/a> cm et <a href=\"https:\/\/www.laplatera.es\/fr\/collections\/aureus\/aureus\/gp-aureus-60x60\/\">60&#215;60<\/a> cm. Ces tailles offrent une flexibilit\u00e9 exceptionnelle dans vos designs, vous permettant de cr\u00e9er des motifs uniques et \u00e9poustouflants qui r\u00e9pondent \u00e0 vos besoins et pr\u00e9f\u00e9rences.<\/p>\n\n<p class=\"wp-block-paragraph\"><strong>Qualit\u00e9 In\u00e9gal\u00e9e de C\u00e9ramique Porcelaine<\/strong><\/p>\n\n<p class=\"wp-block-paragraph\">Au-del\u00e0 de son design \u00e9poustouflant, la Collection de C\u00e9ramiques AUREUS est fabriqu\u00e9e \u00e0 partir de c\u00e9ramique porcelaine de la plus haute qualit\u00e9. Ce choix garantit non seulement sa beaut\u00e9 durable, mais assure \u00e9galement la r\u00e9sistance et la durabilit\u00e9 n\u00e9cessaires dans vos espaces.<\/p>\n\n<p class=\"wp-block-paragraph\"><strong>Engagement Ind\u00e9fectible envers la Qualit\u00e9<\/strong><\/p>\n\n<p class=\"wp-block-paragraph\">L&rsquo;excellence est notre engagement au sein de la Collection de C\u00e9ramiques AUREUS. Chaque pi\u00e8ce est un t\u00e9moignage de nos normes in\u00e9gal\u00e9es dans l&rsquo;industrie. Avec AUREUS, vous n&rsquo;acqu\u00e9rez pas seulement de la c\u00e9ramique ; vous obtenez un chef-d&rsquo;\u0153uvre de design et de durabilit\u00e9 qui r\u00e9sistera \u00e0 l&rsquo;\u00e9preuve du temps.<\/p>\n\n<p class=\"wp-block-paragraph\">Explorez l&rsquo;exclusive Collection de C\u00e9ramiques AUREUS et d\u00e9couvrez comment le luxe et la distinction peuvent totalement transformer vos projets de design. Plongez-vous dans un monde d&rsquo;\u00e9l\u00e9gance et de sophistication, o\u00f9 chaque d\u00e9tail compte et o\u00f9 chaque espace prend vie d&rsquo;une mani\u00e8re unique. Entrez dans l&rsquo;univers AUREUS et transformez vos r\u00eaves de design en une r\u00e9alit\u00e9 \u00e9blouissante.<\/p>\n","protected":false},"excerpt":{"rendered":"<p>Nous vous invitons \u00e0 d\u00e9couvrir la magnifique Collection de C\u00e9ramiques AUREUS, o\u00f9 la sophistication et<\/p>\n<div class=\"read-more\"><a href=\"https:\/\/www.laplatera.es\/fr\/bienvenue-dans-un-monde-de-luxe-et-delegance-avec-la-collection-de-ceramiques-aureus\/\" class=\"more-link\">Read More<\/a><\/div>\n","protected":false},"author":1,"featured_media":29543,"comment_status":"closed","ping_status":"closed","sticky":false,"template":"","format":"standard","meta":{"_acf_changed":false,"footnotes":""},"categories":[74,76],"tags":[],"class_list":["post-31376","post","type-post","status-publish","format-standard","has-post-thumbnail","hentry","category-categoria-colecciones-fr","category-nouveautes","entry"],"acf":[],"yoast_head":"<!-- This site is optimized with the Yoast SEO Premium plugin v28.3 (Yoast SEO v28.3) - https:\/\/yoast.com\/product\/yoast-seo-premium-wordpress\/ -->\n<title>Bienvenue dans un Monde de Luxe et d&#039;\u00c9l\u00e9gance avec la Collection de C\u00e9ramiques AUREUS !<\/title>\n<meta name=\"robots\" content=\"index, follow, max-snippet:-1, max-image-preview:large, max-video-preview:-1\" \/>\n<link rel=\"canonical\" href=\"https:\/\/www.laplatera.es\/fr\/bienvenue-dans-un-monde-de-luxe-et-delegance-avec-la-collection-de-ceramiques-aureus\/\" \/>\n<meta property=\"og:locale\" content=\"fr_FR\" \/>\n<meta property=\"og:type\" content=\"article\" \/>\n<meta property=\"og:title\" content=\"Bienvenue dans un Monde de Luxe et d&#039;\u00c9l\u00e9gance avec la Collection de C\u00e9ramiques AUREUS !\" \/>\n<meta property=\"og:description\" content=\"Nous vous invitons \u00e0 d\u00e9couvrir la magnifique Collection de C\u00e9ramiques AUREUS, o\u00f9 la sophistication et l&#039;\u00e9l\u00e9gance se marient pour embellir \u00e0 la fois vos\" \/>\n<meta property=\"og:url\" content=\"https:\/\/www.laplatera.es\/fr\/bienvenue-dans-un-monde-de-luxe-et-delegance-avec-la-collection-de-ceramiques-aureus\/\" \/>\n<meta property=\"og:site_name\" content=\"La Platera - Transformamos tus espacios con pavimentos y revestimientos en cer\u00e1mica de alta calidad y dise\u00f1o \u00fanico\" \/>\n<meta property=\"article:publisher\" content=\"https:\/\/www.facebook.com\/laplatera.es\/\" \/>\n<meta property=\"article:published_time\" content=\"2023-08-21T09:27:11+00:00\" \/>\n<meta property=\"og:image\" content=\"https:\/\/www.laplatera.es\/wp-content\/uploads\/2023\/03\/AMBIENTE_AUREUS-60X120.jpg\" \/>\n\t<meta property=\"og:image:width\" content=\"2000\" \/>\n\t<meta property=\"og:image:height\" content=\"1400\" \/>\n\t<meta property=\"og:image:type\" content=\"image\/jpeg\" \/>\n<meta name=\"author\" content=\"Jordi Trilles\" \/>\n<meta name=\"twitter:card\" content=\"summary_large_image\" \/>\n<meta name=\"twitter:creator\" content=\"@la_platera\" \/>\n<meta name=\"twitter:site\" content=\"@la_platera\" \/>\n<meta name=\"twitter:label1\" content=\"\u00c9crit par\" \/>\n\t<meta name=\"twitter:data1\" content=\"Jordi Trilles\" \/>\n\t<meta name=\"twitter:label2\" content=\"Dur\u00e9e de lecture estim\u00e9e\" \/>\n\t<meta name=\"twitter:data2\" content=\"3 minutes\" \/>\n<script type=\"application\/ld+json\" class=\"yoast-schema-graph\">{\"@context\":\"https:\\\/\\\/schema.org\",\"@graph\":[{\"@type\":\"Article\",\"@id\":\"https:\\\/\\\/www.laplatera.es\\\/fr\\\/bienvenue-dans-un-monde-de-luxe-et-delegance-avec-la-collection-de-ceramiques-aureus\\\/#article\",\"isPartOf\":{\"@id\":\"https:\\\/\\\/www.laplatera.es\\\/fr\\\/bienvenue-dans-un-monde-de-luxe-et-delegance-avec-la-collection-de-ceramiques-aureus\\\/\"},\"author\":{\"name\":\"Jordi Trilles\",\"@id\":\"https:\\\/\\\/www.laplatera.es\\\/fr\\\/#\\\/schema\\\/person\\\/3b5e854355cf4857d5d0ad1ee0e1c8db\"},\"headline\":\"Bienvenue dans un Monde de Luxe et d&rsquo;\u00c9l\u00e9gance avec la Collection de C\u00e9ramiques AUREUS !\",\"datePublished\":\"2023-08-21T09:27:11+00:00\",\"mainEntityOfPage\":{\"@id\":\"https:\\\/\\\/www.laplatera.es\\\/fr\\\/bienvenue-dans-un-monde-de-luxe-et-delegance-avec-la-collection-de-ceramiques-aureus\\\/\"},\"wordCount\":557,\"publisher\":{\"@id\":\"https:\\\/\\\/www.laplatera.es\\\/fr\\\/#organization\"},\"image\":{\"@id\":\"https:\\\/\\\/www.laplatera.es\\\/fr\\\/bienvenue-dans-un-monde-de-luxe-et-delegance-avec-la-collection-de-ceramiques-aureus\\\/#primaryimage\"},\"thumbnailUrl\":\"https:\\\/\\\/www.laplatera.es\\\/wp-content\\\/uploads\\\/2023\\\/03\\\/AMBIENTE_AUREUS-60X120.jpg\",\"articleSection\":[\"Collections\",\"Nouveautes\"],\"inLanguage\":\"fr-FR\"},{\"@type\":\"WebPage\",\"@id\":\"https:\\\/\\\/www.laplatera.es\\\/fr\\\/bienvenue-dans-un-monde-de-luxe-et-delegance-avec-la-collection-de-ceramiques-aureus\\\/\",\"url\":\"https:\\\/\\\/www.laplatera.es\\\/fr\\\/bienvenue-dans-un-monde-de-luxe-et-delegance-avec-la-collection-de-ceramiques-aureus\\\/\",\"name\":\"Bienvenue dans un Monde de Luxe et d'\u00c9l\u00e9gance avec la Collection de C\u00e9ramiques AUREUS !\",\"isPartOf\":{\"@id\":\"https:\\\/\\\/www.laplatera.es\\\/fr\\\/#website\"},\"primaryImageOfPage\":{\"@id\":\"https:\\\/\\\/www.laplatera.es\\\/fr\\\/bienvenue-dans-un-monde-de-luxe-et-delegance-avec-la-collection-de-ceramiques-aureus\\\/#primaryimage\"},\"image\":{\"@id\":\"https:\\\/\\\/www.laplatera.es\\\/fr\\\/bienvenue-dans-un-monde-de-luxe-et-delegance-avec-la-collection-de-ceramiques-aureus\\\/#primaryimage\"},\"thumbnailUrl\":\"https:\\\/\\\/www.laplatera.es\\\/wp-content\\\/uploads\\\/2023\\\/03\\\/AMBIENTE_AUREUS-60X120.jpg\",\"datePublished\":\"2023-08-21T09:27:11+00:00\",\"breadcrumb\":{\"@id\":\"https:\\\/\\\/www.laplatera.es\\\/fr\\\/bienvenue-dans-un-monde-de-luxe-et-delegance-avec-la-collection-de-ceramiques-aureus\\\/#breadcrumb\"},\"inLanguage\":\"fr-FR\",\"potentialAction\":[{\"@type\":\"ReadAction\",\"target\":[\"https:\\\/\\\/www.laplatera.es\\\/fr\\\/bienvenue-dans-un-monde-de-luxe-et-delegance-avec-la-collection-de-ceramiques-aureus\\\/\"]}]},{\"@type\":\"ImageObject\",\"inLanguage\":\"fr-FR\",\"@id\":\"https:\\\/\\\/www.laplatera.es\\\/fr\\\/bienvenue-dans-un-monde-de-luxe-et-delegance-avec-la-collection-de-ceramiques-aureus\\\/#primaryimage\",\"url\":\"https:\\\/\\\/www.laplatera.es\\\/wp-content\\\/uploads\\\/2023\\\/03\\\/AMBIENTE_AUREUS-60X120.jpg\",\"contentUrl\":\"https:\\\/\\\/www.laplatera.es\\\/wp-content\\\/uploads\\\/2023\\\/03\\\/AMBIENTE_AUREUS-60X120.jpg\",\"width\":2000,\"height\":1400,\"caption\":\"Ambiente de la colecci\u00f3n Aureus mostrando el Aureus 60x120\"},{\"@type\":\"BreadcrumbList\",\"@id\":\"https:\\\/\\\/www.laplatera.es\\\/fr\\\/bienvenue-dans-un-monde-de-luxe-et-delegance-avec-la-collection-de-ceramiques-aureus\\\/#breadcrumb\",\"itemListElement\":[{\"@type\":\"ListItem\",\"position\":1,\"name\":\"Inicio\",\"item\":\"https:\\\/\\\/www.laplatera.es\\\/fr\\\/\"},{\"@type\":\"ListItem\",\"position\":2,\"name\":\"Bienvenue dans un Monde de Luxe et d&#8217;\u00c9l\u00e9gance avec la Collection de C\u00e9ramiques AUREUS !\"}]},{\"@type\":\"WebSite\",\"@id\":\"https:\\\/\\\/www.laplatera.es\\\/fr\\\/#website\",\"url\":\"https:\\\/\\\/www.laplatera.es\\\/fr\\\/\",\"name\":\"La Platera\",\"description\":\"La Platera, m\u00e1s de 60 a\u00f1os fabricando cer\u00e1mica para vuestros proyectos y hogares.\",\"publisher\":{\"@id\":\"https:\\\/\\\/www.laplatera.es\\\/fr\\\/#organization\"},\"potentialAction\":[{\"@type\":\"SearchAction\",\"target\":{\"@type\":\"EntryPoint\",\"urlTemplate\":\"https:\\\/\\\/www.laplatera.es\\\/fr\\\/?s={search_term_string}\"},\"query-input\":{\"@type\":\"PropertyValueSpecification\",\"valueRequired\":true,\"valueName\":\"search_term_string\"}}],\"inLanguage\":\"fr-FR\"},{\"@type\":\"Organization\",\"@id\":\"https:\\\/\\\/www.laplatera.es\\\/fr\\\/#organization\",\"name\":\"La Platera S.A.\",\"url\":\"https:\\\/\\\/www.laplatera.es\\\/fr\\\/\",\"logo\":{\"@type\":\"ImageObject\",\"inLanguage\":\"fr-FR\",\"@id\":\"https:\\\/\\\/www.laplatera.es\\\/fr\\\/#\\\/schema\\\/logo\\\/image\\\/\",\"url\":\"https:\\\/\\\/www.laplatera.es\\\/wp-content\\\/uploads\\\/2019\\\/11\\\/LA-PLATERA-1.png\",\"contentUrl\":\"https:\\\/\\\/www.laplatera.es\\\/wp-content\\\/uploads\\\/2019\\\/11\\\/LA-PLATERA-1.png\",\"width\":248,\"height\":80,\"caption\":\"La Platera S.A.\"},\"image\":{\"@id\":\"https:\\\/\\\/www.laplatera.es\\\/fr\\\/#\\\/schema\\\/logo\\\/image\\\/\"},\"sameAs\":[\"https:\\\/\\\/www.facebook.com\\\/laplatera.es\\\/\",\"https:\\\/\\\/x.com\\\/la_platera\",\"https:\\\/\\\/www.instagram.com\\\/laplatera_ceramica\\\/\",\"https:\\\/\\\/www.linkedin.com\\\/company\\\/la-platera\\\/\",\"https:\\\/\\\/www.pinterest.es\\\/laplatera_es\\\/\",\"https:\\\/\\\/www.youtube.com\\\/channel\\\/UCO4SrLE4LU8_z-aVkLlDU8A\"]},{\"@type\":\"Person\",\"@id\":\"https:\\\/\\\/www.laplatera.es\\\/fr\\\/#\\\/schema\\\/person\\\/3b5e854355cf4857d5d0ad1ee0e1c8db\",\"name\":\"Jordi Trilles\",\"image\":{\"@type\":\"ImageObject\",\"inLanguage\":\"fr-FR\",\"@id\":\"https:\\\/\\\/secure.gravatar.com\\\/avatar\\\/f39806f1d20ab2944bc0360042c4f622714c4c6ceeaa58fe63ebf5b49b57000f?s=96&d=mm&r=g\",\"url\":\"https:\\\/\\\/secure.gravatar.com\\\/avatar\\\/f39806f1d20ab2944bc0360042c4f622714c4c6ceeaa58fe63ebf5b49b57000f?s=96&d=mm&r=g\",\"contentUrl\":\"https:\\\/\\\/secure.gravatar.com\\\/avatar\\\/f39806f1d20ab2944bc0360042c4f622714c4c6ceeaa58fe63ebf5b49b57000f?s=96&d=mm&r=g\",\"caption\":\"Jordi Trilles\"}}]}<\/script>\n<!-- \/ Yoast SEO Premium plugin. -->","yoast_head_json":{"title":"Bienvenue dans un Monde de Luxe et d'\u00c9l\u00e9gance avec la Collection de C\u00e9ramiques AUREUS !","robots":{"index":"index","follow":"follow","max-snippet":"max-snippet:-1","max-image-preview":"max-image-preview:large","max-video-preview":"max-video-preview:-1"},"canonical":"https:\/\/www.laplatera.es\/fr\/bienvenue-dans-un-monde-de-luxe-et-delegance-avec-la-collection-de-ceramiques-aureus\/","og_locale":"fr_FR","og_type":"article","og_title":"Bienvenue dans un Monde de Luxe et d'\u00c9l\u00e9gance avec la Collection de C\u00e9ramiques AUREUS !","og_description":"Nous vous invitons \u00e0 d\u00e9couvrir la magnifique Collection de C\u00e9ramiques AUREUS, o\u00f9 la sophistication et l'\u00e9l\u00e9gance se marient pour embellir \u00e0 la fois vos","og_url":"https:\/\/www.laplatera.es\/fr\/bienvenue-dans-un-monde-de-luxe-et-delegance-avec-la-collection-de-ceramiques-aureus\/","og_site_name":"La Platera - Transformamos tus espacios con pavimentos y revestimientos en cer\u00e1mica de alta calidad y dise\u00f1o \u00fanico","article_publisher":"https:\/\/www.facebook.com\/laplatera.es\/","article_published_time":"2023-08-21T09:27:11+00:00","og_image":[{"width":2000,"height":1400,"url":"https:\/\/www.laplatera.es\/wp-content\/uploads\/2023\/03\/AMBIENTE_AUREUS-60X120.jpg","type":"image\/jpeg"}],"author":"Jordi Trilles","twitter_card":"summary_large_image","twitter_creator":"@la_platera","twitter_site":"@la_platera","twitter_misc":{"\u00c9crit par":"Jordi Trilles","Dur\u00e9e de lecture estim\u00e9e":"3 minutes"},"schema":{"@context":"https:\/\/schema.org","@graph":[{"@type":"Article","@id":"https:\/\/www.laplatera.es\/fr\/bienvenue-dans-un-monde-de-luxe-et-delegance-avec-la-collection-de-ceramiques-aureus\/#article","isPartOf":{"@id":"https:\/\/www.laplatera.es\/fr\/bienvenue-dans-un-monde-de-luxe-et-delegance-avec-la-collection-de-ceramiques-aureus\/"},"author":{"name":"Jordi Trilles","@id":"https:\/\/www.laplatera.es\/fr\/#\/schema\/person\/3b5e854355cf4857d5d0ad1ee0e1c8db"},"headline":"Bienvenue dans un Monde de Luxe et d&rsquo;\u00c9l\u00e9gance avec la Collection de C\u00e9ramiques AUREUS !","datePublished":"2023-08-21T09:27:11+00:00","mainEntityOfPage":{"@id":"https:\/\/www.laplatera.es\/fr\/bienvenue-dans-un-monde-de-luxe-et-delegance-avec-la-collection-de-ceramiques-aureus\/"},"wordCount":557,"publisher":{"@id":"https:\/\/www.laplatera.es\/fr\/#organization"},"image":{"@id":"https:\/\/www.laplatera.es\/fr\/bienvenue-dans-un-monde-de-luxe-et-delegance-avec-la-collection-de-ceramiques-aureus\/#primaryimage"},"thumbnailUrl":"https:\/\/www.laplatera.es\/wp-content\/uploads\/2023\/03\/AMBIENTE_AUREUS-60X120.jpg","articleSection":["Collections","Nouveautes"],"inLanguage":"fr-FR"},{"@type":"WebPage","@id":"https:\/\/www.laplatera.es\/fr\/bienvenue-dans-un-monde-de-luxe-et-delegance-avec-la-collection-de-ceramiques-aureus\/","url":"https:\/\/www.laplatera.es\/fr\/bienvenue-dans-un-monde-de-luxe-et-delegance-avec-la-collection-de-ceramiques-aureus\/","name":"Bienvenue dans un Monde de Luxe et d'\u00c9l\u00e9gance avec la Collection de C\u00e9ramiques AUREUS !","isPartOf":{"@id":"https:\/\/www.laplatera.es\/fr\/#website"},"primaryImageOfPage":{"@id":"https:\/\/www.laplatera.es\/fr\/bienvenue-dans-un-monde-de-luxe-et-delegance-avec-la-collection-de-ceramiques-aureus\/#primaryimage"},"image":{"@id":"https:\/\/www.laplatera.es\/fr\/bienvenue-dans-un-monde-de-luxe-et-delegance-avec-la-collection-de-ceramiques-aureus\/#primaryimage"},"thumbnailUrl":"https:\/\/www.laplatera.es\/wp-content\/uploads\/2023\/03\/AMBIENTE_AUREUS-60X120.jpg","datePublished":"2023-08-21T09:27:11+00:00","breadcrumb":{"@id":"https:\/\/www.laplatera.es\/fr\/bienvenue-dans-un-monde-de-luxe-et-delegance-avec-la-collection-de-ceramiques-aureus\/#breadcrumb"},"inLanguage":"fr-FR","potentialAction":[{"@type":"ReadAction","target":["https:\/\/www.laplatera.es\/fr\/bienvenue-dans-un-monde-de-luxe-et-delegance-avec-la-collection-de-ceramiques-aureus\/"]}]},{"@type":"ImageObject","inLanguage":"fr-FR","@id":"https:\/\/www.laplatera.es\/fr\/bienvenue-dans-un-monde-de-luxe-et-delegance-avec-la-collection-de-ceramiques-aureus\/#primaryimage","url":"https:\/\/www.laplatera.es\/wp-content\/uploads\/2023\/03\/AMBIENTE_AUREUS-60X120.jpg","contentUrl":"https:\/\/www.laplatera.es\/wp-content\/uploads\/2023\/03\/AMBIENTE_AUREUS-60X120.jpg","width":2000,"height":1400,"caption":"Ambiente de la colecci\u00f3n Aureus mostrando el Aureus 60x120"},{"@type":"BreadcrumbList","@id":"https:\/\/www.laplatera.es\/fr\/bienvenue-dans-un-monde-de-luxe-et-delegance-avec-la-collection-de-ceramiques-aureus\/#breadcrumb","itemListElement":[{"@type":"ListItem","position":1,"name":"Inicio","item":"https:\/\/www.laplatera.es\/fr\/"},{"@type":"ListItem","position":2,"name":"Bienvenue dans un Monde de Luxe et d&#8217;\u00c9l\u00e9gance avec la Collection de C\u00e9ramiques AUREUS !"}]},{"@type":"WebSite","@id":"https:\/\/www.laplatera.es\/fr\/#website","url":"https:\/\/www.laplatera.es\/fr\/","name":"La Platera","description":"La Platera, m\u00e1s de 60 a\u00f1os fabricando cer\u00e1mica para vuestros proyectos y hogares.","publisher":{"@id":"https:\/\/www.laplatera.es\/fr\/#organization"},"potentialAction":[{"@type":"SearchAction","target":{"@type":"EntryPoint","urlTemplate":"https:\/\/www.laplatera.es\/fr\/?s={search_term_string}"},"query-input":{"@type":"PropertyValueSpecification","valueRequired":true,"valueName":"search_term_string"}}],"inLanguage":"fr-FR"},{"@type":"Organization","@id":"https:\/\/www.laplatera.es\/fr\/#organization","name":"La Platera S.A.","url":"https:\/\/www.laplatera.es\/fr\/","logo":{"@type":"ImageObject","inLanguage":"fr-FR","@id":"https:\/\/www.laplatera.es\/fr\/#\/schema\/logo\/image\/","url":"https:\/\/www.laplatera.es\/wp-content\/uploads\/2019\/11\/LA-PLATERA-1.png","contentUrl":"https:\/\/www.laplatera.es\/wp-content\/uploads\/2019\/11\/LA-PLATERA-1.png","width":248,"height":80,"caption":"La Platera S.A."},"image":{"@id":"https:\/\/www.laplatera.es\/fr\/#\/schema\/logo\/image\/"},"sameAs":["https:\/\/www.facebook.com\/laplatera.es\/","https:\/\/x.com\/la_platera","https:\/\/www.instagram.com\/laplatera_ceramica\/","https:\/\/www.linkedin.com\/company\/la-platera\/","https:\/\/www.pinterest.es\/laplatera_es\/","https:\/\/www.youtube.com\/channel\/UCO4SrLE4LU8_z-aVkLlDU8A"]},{"@type":"Person","@id":"https:\/\/www.laplatera.es\/fr\/#\/schema\/person\/3b5e854355cf4857d5d0ad1ee0e1c8db","name":"Jordi Trilles","image":{"@type":"ImageObject","inLanguage":"fr-FR","@id":"https:\/\/secure.gravatar.com\/avatar\/f39806f1d20ab2944bc0360042c4f622714c4c6ceeaa58fe63ebf5b49b57000f?s=96&d=mm&r=g","url":"https:\/\/secure.gravatar.com\/avatar\/f39806f1d20ab2944bc0360042c4f622714c4c6ceeaa58fe63ebf5b49b57000f?s=96&d=mm&r=g","contentUrl":"https:\/\/secure.gravatar.com\/avatar\/f39806f1d20ab2944bc0360042c4f622714c4c6ceeaa58fe63ebf5b49b57000f?s=96&d=mm&r=g","caption":"Jordi Trilles"}}]}},"_links":{"self":[{"href":"https:\/\/www.laplatera.es\/fr\/wp-json\/wp\/v2\/posts\/31376","targetHints":{"allow":["GET"]}}],"collection":[{"href":"https:\/\/www.laplatera.es\/fr\/wp-json\/wp\/v2\/posts"}],"about":[{"href":"https:\/\/www.laplatera.es\/fr\/wp-json\/wp\/v2\/types\/post"}],"author":[{"embeddable":true,"href":"https:\/\/www.laplatera.es\/fr\/wp-json\/wp\/v2\/users\/1"}],"replies":[{"embeddable":true,"href":"https:\/\/www.laplatera.es\/fr\/wp-json\/wp\/v2\/comments?post=31376"}],"version-history":[{"count":0,"href":"https:\/\/www.laplatera.es\/fr\/wp-json\/wp\/v2\/posts\/31376\/revisions"}],"wp:featuredmedia":[{"embeddable":true,"href":"https:\/\/www.laplatera.es\/fr\/wp-json\/wp\/v2\/media\/29543"}],"wp:attachment":[{"href":"https:\/\/www.laplatera.es\/fr\/wp-json\/wp\/v2\/media?parent=31376"}],"wp:term":[{"taxonomy":"category","embeddable":true,"href":"https:\/\/www.laplatera.es\/fr\/wp-json\/wp\/v2\/categories?post=31376"},{"taxonomy":"post_tag","embeddable":true,"href":"https:\/\/www.laplatera.es\/fr\/wp-json\/wp\/v2\/tags?post=31376"}],"curies":[{"name":"wp","href":"https:\/\/api.w.org\/{rel}","templated":true}]}}