{"id":29912,"date":"2023-04-26T11:13:27","date_gmt":"2023-04-26T09:13:27","guid":{"rendered":"https:\/\/www.laplatera.es\/2023\/04\/26\/millstone-jamais-un-eclat-use-na-ete-aussi-elegant\/"},"modified":"2023-04-26T12:24:34","modified_gmt":"2023-04-26T10:24:34","slug":"millstone-jamais-un-eclat-use-na-ete-aussi-elegant","status":"publish","type":"post","link":"https:\/\/www.laplatera.es\/fr\/millstone-jamais-un-eclat-use-na-ete-aussi-elegant\/","title":{"rendered":"MILLSTONE, jamais un \u00e9clat us\u00e9 n&rsquo;a \u00e9t\u00e9 aussi \u00e9l\u00e9gant"},"content":{"rendered":"\t\t<div data-elementor-type=\"wp-post\" data-elementor-id=\"29912\" class=\"elementor elementor-29912 elementor-26285\" data-elementor-post-type=\"post\">\n\t\t\t\t\t\t<section class=\"elementor-section elementor-top-section elementor-element elementor-element-2ce6f463 elementor-section-boxed elementor-section-height-default elementor-section-height-default\" data-id=\"2ce6f463\" data-element_type=\"section\" data-e-type=\"section\">\n\t\t\t\t\t\t<div class=\"elementor-container elementor-column-gap-default\">\n\t\t\t\t\t<div class=\"elementor-column elementor-col-100 elementor-top-column elementor-element elementor-element-605ad0d6\" data-id=\"605ad0d6\" data-element_type=\"column\" data-e-type=\"column\">\n\t\t\t<div class=\"elementor-widget-wrap elementor-element-populated\">\n\t\t\t\t\t\t<div class=\"elementor-element elementor-element-5908756f elementor-widget elementor-widget-text-editor\" data-id=\"5908756f\" data-element_type=\"widget\" data-e-type=\"widget\" data-widget_type=\"text-editor.default\">\n\t\t\t\t<div class=\"elementor-widget-container\">\n\t\t\t\t\t\t\t\t\t\n<p>En partant de la pierre naturelle connue sous le nom de \u00ab\u00a0<em>Rappolano<\/em>\u00a0\u00bb extraite des carri\u00e8res de Sienne, elle a \u00e9t\u00e9 retranscrite en une sorte de pierre us\u00e9e, adoucissant ses contrastes et la portant \u00e0 des tons neutres, la rendant compatible avec une grande vari\u00e9t\u00e9 de nuances. Son nom traduit \u00ab\u00a0<em>Pierre de moulin<\/em>\u00a0\u00bb fait r\u00e9f\u00e9rence \u00e0 cette usure.<\/p>\n\n\n\n<p>Des reflets m\u00e9talliques ressortent dans la finition, ajoutant de la profondeur \u00e0 l&rsquo;ensemble. Ces \u00e9clats interagissent avec la lumi\u00e8re, variant en fonction de son incidence et du mouvement de l&rsquo;observateur.<\/p>\n\n\n\n<p>Disponible en formats <a href=\"https:\/\/www.laplatera.es\/fr\/recherche-de-produits\/?fwp_formato_fr=30x60&#038;fwp_coleccion_fr=millstone\" target=\"_blank\" rel=\"noreferrer noopener\">30&#215;60<\/a>, <a href=\"https:\/\/www.laplatera.es\/fr\/recherche-de-produits\/?fwp_formato_fr=60x60&#038;fwp_coleccion_fr=millstone\" target=\"_blank\" rel=\"noreferrer noopener\">60&#215;60<\/a> et <a href=\"https:\/\/www.laplatera.es\/fr\/recherche-de-produits\/?fwp_formato_fr=60x120&#038;fwp_coleccion_fr=millstone\" target=\"_blank\" rel=\"noreferrer noopener\">60&#215;120<\/a> en deux couleurs, <a href=\"https:\/\/www.laplatera.es\/colecciones\/millstone\/millstone-black\/\" target=\"_blank\" rel=\"noreferrer noopener\">noir<\/a> et <a href=\"https:\/\/www.laplatera.es\/colecciones\/millstone\/millstone-grey\/\" target=\"_blank\" rel=\"noreferrer noopener\">gris<\/a>. Il propose \u00e9galement deux pi\u00e8ces d\u00e9coratives avec des granules m\u00e9talliques en <a href=\"https:\/\/www.laplatera.es\/colecciones\/millstone\/millstone-black\/millstone-black-d-60x120\/\" target=\"_blank\" rel=\"noreferrer noopener\">60&#215;120<\/a> et une autre en <a href=\"https:\/\/www.laplatera.es\/colecciones\/millstone\/millstone-mix-d-30x60\/\" target=\"_blank\" rel=\"noreferrer noopener\">30&#215;60<\/a> avec la technologie <a href=\"https:\/\/www.laplatera.es\/fr\/zone-technique\/\" target=\"_blank\" rel=\"noreferrer noopener\">D-Line Plus<\/a>. <\/p>\n\t\t\t\t\t\t\t\t<\/div>\n\t\t\t\t<\/div>\n\t\t\t\t\t<\/div>\n\t\t<\/div>\n\t\t\t\t\t<\/div>\n\t\t<\/section>\n\t\t\t\t<\/div>\n\t\t","protected":false},"excerpt":{"rendered":"<p>En partant de la pierre naturelle connue sous le nom de \u00ab\u00a0Rappolano\u00a0\u00bb extraite des carri\u00e8res<\/p>\n<div class=\"read-more\"><a href=\"https:\/\/www.laplatera.es\/fr\/millstone-jamais-un-eclat-use-na-ete-aussi-elegant\/\" class=\"more-link\">Read More<\/a><\/div>\n","protected":false},"author":1,"featured_media":21965,"comment_status":"closed","ping_status":"closed","sticky":false,"template":"","format":"standard","meta":{"_acf_changed":false,"footnotes":""},"categories":[74,76],"tags":[],"class_list":["post-29912","post","type-post","status-publish","format-standard","has-post-thumbnail","hentry","category-categoria-colecciones-fr","category-nouveautes","entry"],"acf":[],"yoast_head":"<!-- This site is optimized with the Yoast SEO Premium plugin v28.3 (Yoast SEO v28.3) - https:\/\/yoast.com\/product\/yoast-seo-premium-wordpress\/ -->\n<title>MILLSTONE, jamais un \u00e9clat us\u00e9 n&#039;a \u00e9t\u00e9 aussi \u00e9l\u00e9gant<\/title>\n<meta name=\"description\" content=\"D\u00e9couvrez Millstone, notre c\u00e9ramique en pierre us\u00e9e \u00e9l\u00e9gante avec des finitions m\u00e9talliques et des tons neutres, parfaite pour embellir n&#039;importe quel espace. Explorez notre gamme de carrelages et de formats.\" \/>\n<meta name=\"robots\" content=\"index, follow, max-snippet:-1, max-image-preview:large, max-video-preview:-1\" \/>\n<link rel=\"canonical\" href=\"https:\/\/www.laplatera.es\/fr\/millstone-jamais-un-eclat-use-na-ete-aussi-elegant\/\" \/>\n<meta property=\"og:locale\" content=\"fr_FR\" \/>\n<meta property=\"og:type\" content=\"article\" \/>\n<meta property=\"og:title\" content=\"MILLSTONE, jamais un \u00e9clat us\u00e9 n&#039;a \u00e9t\u00e9 aussi \u00e9l\u00e9gant\" \/>\n<meta property=\"og:description\" content=\"En partant de la pierre naturelle connue sous le nom de &quot;Rappolano&quot; extraite des carri\u00e8res de Sienne, elle a \u00e9t\u00e9 retranscrite en une sorte de pierre us\u00e9e,\" \/>\n<meta property=\"og:url\" content=\"https:\/\/www.laplatera.es\/fr\/millstone-jamais-un-eclat-use-na-ete-aussi-elegant\/\" \/>\n<meta property=\"og:site_name\" content=\"La Platera - Transformamos tus espacios con pavimentos y revestimientos en cer\u00e1mica de alta calidad y dise\u00f1o \u00fanico\" \/>\n<meta property=\"article:publisher\" content=\"https:\/\/www.facebook.com\/laplatera.es\/\" \/>\n<meta property=\"article:published_time\" content=\"2023-04-26T09:13:27+00:00\" \/>\n<meta property=\"article:modified_time\" content=\"2023-04-26T10:24:34+00:00\" \/>\n<meta property=\"og:image\" content=\"https:\/\/www.laplatera.es\/wp-content\/uploads\/2022\/03\/AMBIENTE_MILLSTONE-BLACK-D-60X120.jpg\" \/>\n\t<meta property=\"og:image:width\" content=\"2000\" \/>\n\t<meta property=\"og:image:height\" content=\"1400\" \/>\n\t<meta property=\"og:image:type\" content=\"image\/jpeg\" \/>\n<meta name=\"author\" content=\"Jordi Trilles\" \/>\n<meta name=\"twitter:card\" content=\"summary_large_image\" \/>\n<meta name=\"twitter:creator\" content=\"@la_platera\" \/>\n<meta name=\"twitter:site\" content=\"@la_platera\" \/>\n<meta name=\"twitter:label1\" content=\"\u00c9crit par\" \/>\n\t<meta name=\"twitter:data1\" content=\"Jordi Trilles\" \/>\n\t<meta name=\"twitter:label2\" content=\"Dur\u00e9e de lecture estim\u00e9e\" \/>\n\t<meta name=\"twitter:data2\" content=\"1 minute\" \/>\n<script type=\"application\/ld+json\" class=\"yoast-schema-graph\">{\"@context\":\"https:\\\/\\\/schema.org\",\"@graph\":[{\"@type\":\"Article\",\"@id\":\"https:\\\/\\\/www.laplatera.es\\\/fr\\\/millstone-jamais-un-eclat-use-na-ete-aussi-elegant\\\/#article\",\"isPartOf\":{\"@id\":\"https:\\\/\\\/www.laplatera.es\\\/fr\\\/millstone-jamais-un-eclat-use-na-ete-aussi-elegant\\\/\"},\"author\":{\"name\":\"Jordi Trilles\",\"@id\":\"https:\\\/\\\/www.laplatera.es\\\/fr\\\/#\\\/schema\\\/person\\\/3b5e854355cf4857d5d0ad1ee0e1c8db\"},\"headline\":\"MILLSTONE, jamais un \u00e9clat us\u00e9 n&rsquo;a \u00e9t\u00e9 aussi \u00e9l\u00e9gant\",\"datePublished\":\"2023-04-26T09:13:27+00:00\",\"dateModified\":\"2023-04-26T10:24:34+00:00\",\"mainEntityOfPage\":{\"@id\":\"https:\\\/\\\/www.laplatera.es\\\/fr\\\/millstone-jamais-un-eclat-use-na-ete-aussi-elegant\\\/\"},\"wordCount\":142,\"publisher\":{\"@id\":\"https:\\\/\\\/www.laplatera.es\\\/fr\\\/#organization\"},\"image\":{\"@id\":\"https:\\\/\\\/www.laplatera.es\\\/fr\\\/millstone-jamais-un-eclat-use-na-ete-aussi-elegant\\\/#primaryimage\"},\"thumbnailUrl\":\"https:\\\/\\\/www.laplatera.es\\\/wp-content\\\/uploads\\\/2022\\\/03\\\/AMBIENTE_MILLSTONE-BLACK-D-60X120.jpg\",\"articleSection\":[\"Collections\",\"Nouveautes\"],\"inLanguage\":\"fr-FR\"},{\"@type\":\"WebPage\",\"@id\":\"https:\\\/\\\/www.laplatera.es\\\/fr\\\/millstone-jamais-un-eclat-use-na-ete-aussi-elegant\\\/\",\"url\":\"https:\\\/\\\/www.laplatera.es\\\/fr\\\/millstone-jamais-un-eclat-use-na-ete-aussi-elegant\\\/\",\"name\":\"MILLSTONE, jamais un \u00e9clat us\u00e9 n'a \u00e9t\u00e9 aussi \u00e9l\u00e9gant\",\"isPartOf\":{\"@id\":\"https:\\\/\\\/www.laplatera.es\\\/fr\\\/#website\"},\"primaryImageOfPage\":{\"@id\":\"https:\\\/\\\/www.laplatera.es\\\/fr\\\/millstone-jamais-un-eclat-use-na-ete-aussi-elegant\\\/#primaryimage\"},\"image\":{\"@id\":\"https:\\\/\\\/www.laplatera.es\\\/fr\\\/millstone-jamais-un-eclat-use-na-ete-aussi-elegant\\\/#primaryimage\"},\"thumbnailUrl\":\"https:\\\/\\\/www.laplatera.es\\\/wp-content\\\/uploads\\\/2022\\\/03\\\/AMBIENTE_MILLSTONE-BLACK-D-60X120.jpg\",\"datePublished\":\"2023-04-26T09:13:27+00:00\",\"dateModified\":\"2023-04-26T10:24:34+00:00\",\"description\":\"D\u00e9couvrez Millstone, notre c\u00e9ramique en pierre us\u00e9e \u00e9l\u00e9gante avec des finitions m\u00e9talliques et des tons neutres, parfaite pour embellir n'importe quel espace. Explorez notre gamme de carrelages et de formats.\",\"breadcrumb\":{\"@id\":\"https:\\\/\\\/www.laplatera.es\\\/fr\\\/millstone-jamais-un-eclat-use-na-ete-aussi-elegant\\\/#breadcrumb\"},\"inLanguage\":\"fr-FR\",\"potentialAction\":[{\"@type\":\"ReadAction\",\"target\":[\"https:\\\/\\\/www.laplatera.es\\\/fr\\\/millstone-jamais-un-eclat-use-na-ete-aussi-elegant\\\/\"]}]},{\"@type\":\"ImageObject\",\"inLanguage\":\"fr-FR\",\"@id\":\"https:\\\/\\\/www.laplatera.es\\\/fr\\\/millstone-jamais-un-eclat-use-na-ete-aussi-elegant\\\/#primaryimage\",\"url\":\"https:\\\/\\\/www.laplatera.es\\\/wp-content\\\/uploads\\\/2022\\\/03\\\/AMBIENTE_MILLSTONE-BLACK-D-60X120.jpg\",\"contentUrl\":\"https:\\\/\\\/www.laplatera.es\\\/wp-content\\\/uploads\\\/2022\\\/03\\\/AMBIENTE_MILLSTONE-BLACK-D-60X120.jpg\",\"width\":2000,\"height\":1400},{\"@type\":\"BreadcrumbList\",\"@id\":\"https:\\\/\\\/www.laplatera.es\\\/fr\\\/millstone-jamais-un-eclat-use-na-ete-aussi-elegant\\\/#breadcrumb\",\"itemListElement\":[{\"@type\":\"ListItem\",\"position\":1,\"name\":\"Inicio\",\"item\":\"https:\\\/\\\/www.laplatera.es\\\/fr\\\/\"},{\"@type\":\"ListItem\",\"position\":2,\"name\":\"MILLSTONE, jamais un \u00e9clat us\u00e9 n&rsquo;a \u00e9t\u00e9 aussi \u00e9l\u00e9gant\"}]},{\"@type\":\"WebSite\",\"@id\":\"https:\\\/\\\/www.laplatera.es\\\/fr\\\/#website\",\"url\":\"https:\\\/\\\/www.laplatera.es\\\/fr\\\/\",\"name\":\"La Platera\",\"description\":\"La Platera, m\u00e1s de 60 a\u00f1os fabricando cer\u00e1mica para vuestros proyectos y hogares.\",\"publisher\":{\"@id\":\"https:\\\/\\\/www.laplatera.es\\\/fr\\\/#organization\"},\"potentialAction\":[{\"@type\":\"SearchAction\",\"target\":{\"@type\":\"EntryPoint\",\"urlTemplate\":\"https:\\\/\\\/www.laplatera.es\\\/fr\\\/?s={search_term_string}\"},\"query-input\":{\"@type\":\"PropertyValueSpecification\",\"valueRequired\":true,\"valueName\":\"search_term_string\"}}],\"inLanguage\":\"fr-FR\"},{\"@type\":\"Organization\",\"@id\":\"https:\\\/\\\/www.laplatera.es\\\/fr\\\/#organization\",\"name\":\"La Platera S.A.\",\"url\":\"https:\\\/\\\/www.laplatera.es\\\/fr\\\/\",\"logo\":{\"@type\":\"ImageObject\",\"inLanguage\":\"fr-FR\",\"@id\":\"https:\\\/\\\/www.laplatera.es\\\/fr\\\/#\\\/schema\\\/logo\\\/image\\\/\",\"url\":\"https:\\\/\\\/www.laplatera.es\\\/wp-content\\\/uploads\\\/2019\\\/11\\\/LA-PLATERA-1.png\",\"contentUrl\":\"https:\\\/\\\/www.laplatera.es\\\/wp-content\\\/uploads\\\/2019\\\/11\\\/LA-PLATERA-1.png\",\"width\":248,\"height\":80,\"caption\":\"La Platera S.A.\"},\"image\":{\"@id\":\"https:\\\/\\\/www.laplatera.es\\\/fr\\\/#\\\/schema\\\/logo\\\/image\\\/\"},\"sameAs\":[\"https:\\\/\\\/www.facebook.com\\\/laplatera.es\\\/\",\"https:\\\/\\\/x.com\\\/la_platera\",\"https:\\\/\\\/www.instagram.com\\\/laplatera_ceramica\\\/\",\"https:\\\/\\\/www.linkedin.com\\\/company\\\/la-platera\\\/\",\"https:\\\/\\\/www.pinterest.es\\\/laplatera_es\\\/\",\"https:\\\/\\\/www.youtube.com\\\/channel\\\/UCO4SrLE4LU8_z-aVkLlDU8A\"]},{\"@type\":\"Person\",\"@id\":\"https:\\\/\\\/www.laplatera.es\\\/fr\\\/#\\\/schema\\\/person\\\/3b5e854355cf4857d5d0ad1ee0e1c8db\",\"name\":\"Jordi Trilles\",\"image\":{\"@type\":\"ImageObject\",\"inLanguage\":\"fr-FR\",\"@id\":\"https:\\\/\\\/secure.gravatar.com\\\/avatar\\\/f39806f1d20ab2944bc0360042c4f622714c4c6ceeaa58fe63ebf5b49b57000f?s=96&d=mm&r=g\",\"url\":\"https:\\\/\\\/secure.gravatar.com\\\/avatar\\\/f39806f1d20ab2944bc0360042c4f622714c4c6ceeaa58fe63ebf5b49b57000f?s=96&d=mm&r=g\",\"contentUrl\":\"https:\\\/\\\/secure.gravatar.com\\\/avatar\\\/f39806f1d20ab2944bc0360042c4f622714c4c6ceeaa58fe63ebf5b49b57000f?s=96&d=mm&r=g\",\"caption\":\"Jordi Trilles\"}}]}<\/script>\n<!-- \/ Yoast SEO Premium plugin. -->","yoast_head_json":{"title":"MILLSTONE, jamais un \u00e9clat us\u00e9 n'a \u00e9t\u00e9 aussi \u00e9l\u00e9gant","description":"D\u00e9couvrez Millstone, notre c\u00e9ramique en pierre us\u00e9e \u00e9l\u00e9gante avec des finitions m\u00e9talliques et des tons neutres, parfaite pour embellir n'importe quel espace. Explorez notre gamme de carrelages et de formats.","robots":{"index":"index","follow":"follow","max-snippet":"max-snippet:-1","max-image-preview":"max-image-preview:large","max-video-preview":"max-video-preview:-1"},"canonical":"https:\/\/www.laplatera.es\/fr\/millstone-jamais-un-eclat-use-na-ete-aussi-elegant\/","og_locale":"fr_FR","og_type":"article","og_title":"MILLSTONE, jamais un \u00e9clat us\u00e9 n'a \u00e9t\u00e9 aussi \u00e9l\u00e9gant","og_description":"En partant de la pierre naturelle connue sous le nom de \"Rappolano\" extraite des carri\u00e8res de Sienne, elle a \u00e9t\u00e9 retranscrite en une sorte de pierre us\u00e9e,","og_url":"https:\/\/www.laplatera.es\/fr\/millstone-jamais-un-eclat-use-na-ete-aussi-elegant\/","og_site_name":"La Platera - Transformamos tus espacios con pavimentos y revestimientos en cer\u00e1mica de alta calidad y dise\u00f1o \u00fanico","article_publisher":"https:\/\/www.facebook.com\/laplatera.es\/","article_published_time":"2023-04-26T09:13:27+00:00","article_modified_time":"2023-04-26T10:24:34+00:00","og_image":[{"width":2000,"height":1400,"url":"https:\/\/www.laplatera.es\/wp-content\/uploads\/2022\/03\/AMBIENTE_MILLSTONE-BLACK-D-60X120.jpg","type":"image\/jpeg"}],"author":"Jordi Trilles","twitter_card":"summary_large_image","twitter_creator":"@la_platera","twitter_site":"@la_platera","twitter_misc":{"\u00c9crit par":"Jordi Trilles","Dur\u00e9e de lecture estim\u00e9e":"1 minute"},"schema":{"@context":"https:\/\/schema.org","@graph":[{"@type":"Article","@id":"https:\/\/www.laplatera.es\/fr\/millstone-jamais-un-eclat-use-na-ete-aussi-elegant\/#article","isPartOf":{"@id":"https:\/\/www.laplatera.es\/fr\/millstone-jamais-un-eclat-use-na-ete-aussi-elegant\/"},"author":{"name":"Jordi Trilles","@id":"https:\/\/www.laplatera.es\/fr\/#\/schema\/person\/3b5e854355cf4857d5d0ad1ee0e1c8db"},"headline":"MILLSTONE, jamais un \u00e9clat us\u00e9 n&rsquo;a \u00e9t\u00e9 aussi \u00e9l\u00e9gant","datePublished":"2023-04-26T09:13:27+00:00","dateModified":"2023-04-26T10:24:34+00:00","mainEntityOfPage":{"@id":"https:\/\/www.laplatera.es\/fr\/millstone-jamais-un-eclat-use-na-ete-aussi-elegant\/"},"wordCount":142,"publisher":{"@id":"https:\/\/www.laplatera.es\/fr\/#organization"},"image":{"@id":"https:\/\/www.laplatera.es\/fr\/millstone-jamais-un-eclat-use-na-ete-aussi-elegant\/#primaryimage"},"thumbnailUrl":"https:\/\/www.laplatera.es\/wp-content\/uploads\/2022\/03\/AMBIENTE_MILLSTONE-BLACK-D-60X120.jpg","articleSection":["Collections","Nouveautes"],"inLanguage":"fr-FR"},{"@type":"WebPage","@id":"https:\/\/www.laplatera.es\/fr\/millstone-jamais-un-eclat-use-na-ete-aussi-elegant\/","url":"https:\/\/www.laplatera.es\/fr\/millstone-jamais-un-eclat-use-na-ete-aussi-elegant\/","name":"MILLSTONE, jamais un \u00e9clat us\u00e9 n'a \u00e9t\u00e9 aussi \u00e9l\u00e9gant","isPartOf":{"@id":"https:\/\/www.laplatera.es\/fr\/#website"},"primaryImageOfPage":{"@id":"https:\/\/www.laplatera.es\/fr\/millstone-jamais-un-eclat-use-na-ete-aussi-elegant\/#primaryimage"},"image":{"@id":"https:\/\/www.laplatera.es\/fr\/millstone-jamais-un-eclat-use-na-ete-aussi-elegant\/#primaryimage"},"thumbnailUrl":"https:\/\/www.laplatera.es\/wp-content\/uploads\/2022\/03\/AMBIENTE_MILLSTONE-BLACK-D-60X120.jpg","datePublished":"2023-04-26T09:13:27+00:00","dateModified":"2023-04-26T10:24:34+00:00","description":"D\u00e9couvrez Millstone, notre c\u00e9ramique en pierre us\u00e9e \u00e9l\u00e9gante avec des finitions m\u00e9talliques et des tons neutres, parfaite pour embellir n'importe quel espace. Explorez notre gamme de carrelages et de formats.","breadcrumb":{"@id":"https:\/\/www.laplatera.es\/fr\/millstone-jamais-un-eclat-use-na-ete-aussi-elegant\/#breadcrumb"},"inLanguage":"fr-FR","potentialAction":[{"@type":"ReadAction","target":["https:\/\/www.laplatera.es\/fr\/millstone-jamais-un-eclat-use-na-ete-aussi-elegant\/"]}]},{"@type":"ImageObject","inLanguage":"fr-FR","@id":"https:\/\/www.laplatera.es\/fr\/millstone-jamais-un-eclat-use-na-ete-aussi-elegant\/#primaryimage","url":"https:\/\/www.laplatera.es\/wp-content\/uploads\/2022\/03\/AMBIENTE_MILLSTONE-BLACK-D-60X120.jpg","contentUrl":"https:\/\/www.laplatera.es\/wp-content\/uploads\/2022\/03\/AMBIENTE_MILLSTONE-BLACK-D-60X120.jpg","width":2000,"height":1400},{"@type":"BreadcrumbList","@id":"https:\/\/www.laplatera.es\/fr\/millstone-jamais-un-eclat-use-na-ete-aussi-elegant\/#breadcrumb","itemListElement":[{"@type":"ListItem","position":1,"name":"Inicio","item":"https:\/\/www.laplatera.es\/fr\/"},{"@type":"ListItem","position":2,"name":"MILLSTONE, jamais un \u00e9clat us\u00e9 n&rsquo;a \u00e9t\u00e9 aussi \u00e9l\u00e9gant"}]},{"@type":"WebSite","@id":"https:\/\/www.laplatera.es\/fr\/#website","url":"https:\/\/www.laplatera.es\/fr\/","name":"La Platera","description":"La Platera, m\u00e1s de 60 a\u00f1os fabricando cer\u00e1mica para vuestros proyectos y hogares.","publisher":{"@id":"https:\/\/www.laplatera.es\/fr\/#organization"},"potentialAction":[{"@type":"SearchAction","target":{"@type":"EntryPoint","urlTemplate":"https:\/\/www.laplatera.es\/fr\/?s={search_term_string}"},"query-input":{"@type":"PropertyValueSpecification","valueRequired":true,"valueName":"search_term_string"}}],"inLanguage":"fr-FR"},{"@type":"Organization","@id":"https:\/\/www.laplatera.es\/fr\/#organization","name":"La Platera S.A.","url":"https:\/\/www.laplatera.es\/fr\/","logo":{"@type":"ImageObject","inLanguage":"fr-FR","@id":"https:\/\/www.laplatera.es\/fr\/#\/schema\/logo\/image\/","url":"https:\/\/www.laplatera.es\/wp-content\/uploads\/2019\/11\/LA-PLATERA-1.png","contentUrl":"https:\/\/www.laplatera.es\/wp-content\/uploads\/2019\/11\/LA-PLATERA-1.png","width":248,"height":80,"caption":"La Platera S.A."},"image":{"@id":"https:\/\/www.laplatera.es\/fr\/#\/schema\/logo\/image\/"},"sameAs":["https:\/\/www.facebook.com\/laplatera.es\/","https:\/\/x.com\/la_platera","https:\/\/www.instagram.com\/laplatera_ceramica\/","https:\/\/www.linkedin.com\/company\/la-platera\/","https:\/\/www.pinterest.es\/laplatera_es\/","https:\/\/www.youtube.com\/channel\/UCO4SrLE4LU8_z-aVkLlDU8A"]},{"@type":"Person","@id":"https:\/\/www.laplatera.es\/fr\/#\/schema\/person\/3b5e854355cf4857d5d0ad1ee0e1c8db","name":"Jordi Trilles","image":{"@type":"ImageObject","inLanguage":"fr-FR","@id":"https:\/\/secure.gravatar.com\/avatar\/f39806f1d20ab2944bc0360042c4f622714c4c6ceeaa58fe63ebf5b49b57000f?s=96&d=mm&r=g","url":"https:\/\/secure.gravatar.com\/avatar\/f39806f1d20ab2944bc0360042c4f622714c4c6ceeaa58fe63ebf5b49b57000f?s=96&d=mm&r=g","contentUrl":"https:\/\/secure.gravatar.com\/avatar\/f39806f1d20ab2944bc0360042c4f622714c4c6ceeaa58fe63ebf5b49b57000f?s=96&d=mm&r=g","caption":"Jordi Trilles"}}]}},"_links":{"self":[{"href":"https:\/\/www.laplatera.es\/fr\/wp-json\/wp\/v2\/posts\/29912","targetHints":{"allow":["GET"]}}],"collection":[{"href":"https:\/\/www.laplatera.es\/fr\/wp-json\/wp\/v2\/posts"}],"about":[{"href":"https:\/\/www.laplatera.es\/fr\/wp-json\/wp\/v2\/types\/post"}],"author":[{"embeddable":true,"href":"https:\/\/www.laplatera.es\/fr\/wp-json\/wp\/v2\/users\/1"}],"replies":[{"embeddable":true,"href":"https:\/\/www.laplatera.es\/fr\/wp-json\/wp\/v2\/comments?post=29912"}],"version-history":[{"count":0,"href":"https:\/\/www.laplatera.es\/fr\/wp-json\/wp\/v2\/posts\/29912\/revisions"}],"wp:featuredmedia":[{"embeddable":true,"href":"https:\/\/www.laplatera.es\/fr\/wp-json\/wp\/v2\/media\/21965"}],"wp:attachment":[{"href":"https:\/\/www.laplatera.es\/fr\/wp-json\/wp\/v2\/media?parent=29912"}],"wp:term":[{"taxonomy":"category","embeddable":true,"href":"https:\/\/www.laplatera.es\/fr\/wp-json\/wp\/v2\/categories?post=29912"},{"taxonomy":"post_tag","embeddable":true,"href":"https:\/\/www.laplatera.es\/fr\/wp-json\/wp\/v2\/tags?post=29912"}],"curies":[{"name":"wp","href":"https:\/\/api.w.org\/{rel}","templated":true}]}}