{"id":16095,"date":"2020-10-07T17:43:38","date_gmt":"2020-10-07T15:43:38","guid":{"rendered":"https:\/\/www.laplatera.es\/2020\/10\/07\/la-beaute-du-bois-avec-la-serie-en-gres-cerame-forest\/"},"modified":"2020-10-07T17:43:48","modified_gmt":"2020-10-07T15:43:48","slug":"la-beaute-du-bois-avec-la-serie-en-gres-cerame-forest","status":"publish","type":"post","link":"https:\/\/www.laplatera.es\/fr\/la-beaute-du-bois-avec-la-serie-en-gres-cerame-forest\/","title":{"rendered":"La beaut\u00e9 du bois avec la s\u00e9rie en gr\u00e8s c\u00e9rame Forest"},"content":{"rendered":"\n<h2 class=\"has-text-align-center wp-block-heading\">Il offre chaleur, confort et espace convivial avec tous les avantages du gr\u00e8s c\u00e9rame.<\/h2>\n\n<p class=\"wp-block-paragraph\">Le bois est un mat\u00e9riel naturel qui vit dans nos for\u00eats, nos montages\u2026 bref, dans notre grand espace, la Terre.<\/p>\n\n<p class=\"wp-block-paragraph\">Malgr\u00e9 le fait que nous vivons tous dans la nature, nous construisons chacun notre propre maison et l\u00b4un des mat\u00e9riaux par excellence utilis\u00e9s pour le construire est le bois.<\/p>\n\n<p class=\"wp-block-paragraph\">Quel type de bois utilisons-nous ? Avons-nous besoin d\u2019entretien ? Va-t-il se d\u00e9t\u00e9riorer au fil des ann\u00e9es ?  <\/p>\n\n<p class=\"wp-block-paragraph\">Toutes ces questions sont celles que nous nous faisons lorsque nous utilisons du bois naturel dans notre maison mais pouvons-nous obtenir la m\u00eame finition en posant du gr\u00e8s c\u00e9rame ?<\/p>\n\n<p class=\"wp-block-paragraph\">Le processus de fabrication du gr\u00e8s c\u00e9rame permet d\u00b4appliquer n\u00b4importe quel design et donc bien s\u00fbr aussi celui de l\u2019imitation parquet. En plus, le gr\u00e8s c\u00e9rame n\u00b4a pas besoin d\u00b4entretien en surface, ne perd pas sa couleur au fil des ann\u00e9es, n\u2019a pas de probl\u00e8me d\u00b4humidit\u00e9, ni ne se raye facilement. <\/p>\n\n<p class=\"wp-block-paragraph\">La Platera a cr\u00e9\u00e9 la s\u00e9rie <a href=\"\/fr\/?page_id=510\">Forest<\/a> une collection qui imite le bois de ch\u00eane avec le design de veines et des n\u0153uds assez marqu\u00e9s. Avec la technologie <g id=\"gid_1\">D-line<\/g> qui permet de marquer les veines comme du bois naturel donnant alors une sensation r\u00e9elle lorsque l\u2019on touche le produit. <\/p>\n\n<p class=\"wp-block-paragraph\">La s\u00e9rie Forest est disponible en 6 couleurs: <a href=\"\/fr\/?page_id=2134\">Blanco<\/a>, <a href=\"\/fr\/?page_id=2135\">Gris<\/a>, <a href=\"\/fr\/?page_id=2136\">Grafito<\/a>, <a href=\"\/fr\/?page_id=2132\">Haya<\/a>, <a href=\"\/fr\/?page_id=1088\">Natural<\/a> et <a href=\"\/fr\/?page_id=2133\">Nogal<\/a>. On peut utiliser le couleur la plus adapt\u00e9e \u00e0 votre projet.<\/p>\n\n<p class=\"wp-block-paragraph\">Le format <a href=\"\/fr\/?page_id=184&amp;fwp_formato_fr=17x114&amp;fwp_coleccion_fr=forest\">17&#215;114<\/a> est parfait pour simuler un sol avec des lames parquet.<\/p>\n\n<p class=\"wp-block-paragraph\">Si vous avez besoin d\u00b4un sol antid\u00e9rapant, la collection propose le mod\u00e8le <a href=\"\/fr\/?page_id=2131\">Forest Natural ADL 17&#215;114<\/a> parfait pour les salles de bain ou en ext\u00e9rieur.<\/p>\n\n<p class=\"wp-block-paragraph\">Vous avez \u00e9galement une <a href=\"\/fr\/?page_id=184&amp;fwp_complemento_fr=mosa&#xEF;que&amp;fwp_coleccion_fr=forest\">mosa\u00efque<\/a> \u00e0 chevrons disponible dans toutes les couleurs soit pour la cuisine, soit pour la salle de bain.<\/p>\n\n<figure class=\"wp-block-gallery columns-3 is-cropped wp-block-gallery-1 is-layout-flex wp-block-gallery-is-layout-flex\"><ul class=\"blocks-gallery-grid\"><li class=\"blocks-gallery-item\"><figure><a href=\"https:\/\/www.laplatera.es\/wp-content\/uploads\/2020\/03\/AMBIENTE_FOREST-GREY-RIBBON-35X90_04.jpg\"><img fetchpriority=\"high\" decoding=\"async\" width=\"1024\" height=\"717\" src=\"https:\/\/www.laplatera.es\/wp-content\/uploads\/2020\/03\/AMBIENTE_FOREST-GREY-RIBBON-35X90_04-1024x717.jpg\" alt=\"\" data-id=\"5042\" data-full-url=\"https:\/\/www.laplatera.es\/wp-content\/uploads\/2020\/03\/AMBIENTE_FOREST-GREY-RIBBON-35X90_04.jpg\" data-link=\"https:\/\/www.laplatera.es\/colecciones\/saten\/saten-blanco\/saten-blanco-35x90\/ambiente_forest-grey-ribbon-35x90_04\/\" class=\"wp-image-11421\" srcset=\"https:\/\/www.laplatera.es\/wp-content\/uploads\/2020\/03\/AMBIENTE_FOREST-GREY-RIBBON-35X90_04-1024x717.jpg 1024w, https:\/\/www.laplatera.es\/wp-content\/uploads\/2020\/03\/AMBIENTE_FOREST-GREY-RIBBON-35X90_04-300x210.jpg 300w, https:\/\/www.laplatera.es\/wp-content\/uploads\/2020\/03\/AMBIENTE_FOREST-GREY-RIBBON-35X90_04-768x538.jpg 768w, https:\/\/www.laplatera.es\/wp-content\/uploads\/2020\/03\/AMBIENTE_FOREST-GREY-RIBBON-35X90_04-500x350.jpg 500w, https:\/\/www.laplatera.es\/wp-content\/uploads\/2020\/03\/AMBIENTE_FOREST-GREY-RIBBON-35X90_04-800x560.jpg 800w, https:\/\/www.laplatera.es\/wp-content\/uploads\/2020\/03\/AMBIENTE_FOREST-GREY-RIBBON-35X90_04.jpg 1200w\" sizes=\"(max-width: 1024px) 100vw, 1024px\" \/><\/a><\/figure><\/li><li class=\"blocks-gallery-item\"><figure><a href=\"https:\/\/www.laplatera.es\/wp-content\/uploads\/2020\/03\/AMBIENTE_FOREST-GREY-RIBBON-35X90_03.jpg\"><img decoding=\"async\" width=\"1024\" height=\"717\" src=\"https:\/\/www.laplatera.es\/wp-content\/uploads\/2020\/03\/AMBIENTE_FOREST-GREY-RIBBON-35X90_03-1024x717.jpg\" alt=\"\" data-id=\"5041\" data-full-url=\"https:\/\/www.laplatera.es\/wp-content\/uploads\/2020\/03\/AMBIENTE_FOREST-GREY-RIBBON-35X90_03.jpg\" data-link=\"https:\/\/www.laplatera.es\/colecciones\/saten\/saten-blanco\/saten-blanco-35x90\/ambiente_forest-grey-ribbon-35x90_03\/\" class=\"wp-image-11419\" srcset=\"https:\/\/www.laplatera.es\/wp-content\/uploads\/2020\/03\/AMBIENTE_FOREST-GREY-RIBBON-35X90_03-1024x717.jpg 1024w, https:\/\/www.laplatera.es\/wp-content\/uploads\/2020\/03\/AMBIENTE_FOREST-GREY-RIBBON-35X90_03-300x210.jpg 300w, https:\/\/www.laplatera.es\/wp-content\/uploads\/2020\/03\/AMBIENTE_FOREST-GREY-RIBBON-35X90_03-768x538.jpg 768w, https:\/\/www.laplatera.es\/wp-content\/uploads\/2020\/03\/AMBIENTE_FOREST-GREY-RIBBON-35X90_03-500x350.jpg 500w, https:\/\/www.laplatera.es\/wp-content\/uploads\/2020\/03\/AMBIENTE_FOREST-GREY-RIBBON-35X90_03-800x560.jpg 800w, https:\/\/www.laplatera.es\/wp-content\/uploads\/2020\/03\/AMBIENTE_FOREST-GREY-RIBBON-35X90_03.jpg 1200w\" sizes=\"(max-width: 1024px) 100vw, 1024px\" \/><\/a><\/figure><\/li><li class=\"blocks-gallery-item\"><figure><a href=\"https:\/\/www.laplatera.es\/wp-content\/uploads\/2020\/03\/AMBIENTE_FOREST-GREY-RIBBON-35X90_02.jpg\"><img decoding=\"async\" width=\"1024\" height=\"717\" src=\"https:\/\/www.laplatera.es\/wp-content\/uploads\/2020\/03\/AMBIENTE_FOREST-GREY-RIBBON-35X90_02-1024x717.jpg\" alt=\"\" data-id=\"5040\" data-full-url=\"https:\/\/www.laplatera.es\/wp-content\/uploads\/2020\/03\/AMBIENTE_FOREST-GREY-RIBBON-35X90_02.jpg\" data-link=\"https:\/\/www.laplatera.es\/colecciones\/saten\/saten-blanco\/saten-blanco-35x90\/ambiente_forest-grey-ribbon-35x90_02\/\" class=\"wp-image-11417\" srcset=\"https:\/\/www.laplatera.es\/wp-content\/uploads\/2020\/03\/AMBIENTE_FOREST-GREY-RIBBON-35X90_02-1024x717.jpg 1024w, https:\/\/www.laplatera.es\/wp-content\/uploads\/2020\/03\/AMBIENTE_FOREST-GREY-RIBBON-35X90_02-300x210.jpg 300w, https:\/\/www.laplatera.es\/wp-content\/uploads\/2020\/03\/AMBIENTE_FOREST-GREY-RIBBON-35X90_02-768x538.jpg 768w, https:\/\/www.laplatera.es\/wp-content\/uploads\/2020\/03\/AMBIENTE_FOREST-GREY-RIBBON-35X90_02-500x350.jpg 500w, https:\/\/www.laplatera.es\/wp-content\/uploads\/2020\/03\/AMBIENTE_FOREST-GREY-RIBBON-35X90_02-800x560.jpg 800w, https:\/\/www.laplatera.es\/wp-content\/uploads\/2020\/03\/AMBIENTE_FOREST-GREY-RIBBON-35X90_02.jpg 1200w\" sizes=\"(max-width: 1024px) 100vw, 1024px\" \/><\/a><\/figure><\/li><li class=\"blocks-gallery-item\"><figure><a href=\"https:\/\/www.laplatera.es\/wp-content\/uploads\/2020\/02\/AMBIENTE_FOREST-GRAFITO-17X114.jpg\"><img loading=\"lazy\" decoding=\"async\" width=\"1024\" height=\"717\" src=\"https:\/\/www.laplatera.es\/wp-content\/uploads\/2020\/02\/AMBIENTE_FOREST-GRAFITO-17X114-1024x717.jpg\" alt=\"\" data-id=\"2078\" data-full-url=\"https:\/\/www.laplatera.es\/wp-content\/uploads\/2020\/02\/AMBIENTE_FOREST-GRAFITO-17X114.jpg\" data-link=\"https:\/\/www.laplatera.es\/colecciones\/forest\/forest-natural-17x114\/ambiente_forest-grafito-17x114-3\/\" class=\"wp-image-6847\" srcset=\"https:\/\/www.laplatera.es\/wp-content\/uploads\/2020\/02\/AMBIENTE_FOREST-GRAFITO-17X114-1024x717.jpg 1024w, https:\/\/www.laplatera.es\/wp-content\/uploads\/2020\/02\/AMBIENTE_FOREST-GRAFITO-17X114-300x210.jpg 300w, https:\/\/www.laplatera.es\/wp-content\/uploads\/2020\/02\/AMBIENTE_FOREST-GRAFITO-17X114-768x538.jpg 768w, https:\/\/www.laplatera.es\/wp-content\/uploads\/2020\/02\/AMBIENTE_FOREST-GRAFITO-17X114-1536x1075.jpg 1536w, https:\/\/www.laplatera.es\/wp-content\/uploads\/2020\/02\/AMBIENTE_FOREST-GRAFITO-17X114.jpg 2000w\" sizes=\"(max-width: 1024px) 100vw, 1024px\" \/><\/a><\/figure><\/li><li class=\"blocks-gallery-item\"><figure><a href=\"https:\/\/www.laplatera.es\/wp-content\/uploads\/2020\/02\/DETALLE_FOREST-NOGAL-17X114.jpg\"><img loading=\"lazy\" decoding=\"async\" width=\"683\" height=\"1024\" src=\"https:\/\/www.laplatera.es\/wp-content\/uploads\/2020\/02\/DETALLE_FOREST-NOGAL-17X114-683x1024.jpg\" alt=\"\" data-id=\"2085\" data-full-url=\"https:\/\/www.laplatera.es\/wp-content\/uploads\/2020\/02\/DETALLE_FOREST-NOGAL-17X114.jpg\" data-link=\"https:\/\/www.laplatera.es\/colecciones\/forest\/forest-natural-17x114\/detalle_forest-nogal-17x114-2\/\" class=\"wp-image-9979\" srcset=\"https:\/\/www.laplatera.es\/wp-content\/uploads\/2020\/02\/DETALLE_FOREST-NOGAL-17X114-683x1024.jpg 683w, https:\/\/www.laplatera.es\/wp-content\/uploads\/2020\/02\/DETALLE_FOREST-NOGAL-17X114-200x300.jpg 200w, https:\/\/www.laplatera.es\/wp-content\/uploads\/2020\/02\/DETALLE_FOREST-NOGAL-17X114-768x1151.jpg 768w, https:\/\/www.laplatera.es\/wp-content\/uploads\/2020\/02\/DETALLE_FOREST-NOGAL-17X114.jpg 934w\" sizes=\"(max-width: 683px) 100vw, 683px\" \/><\/a><\/figure><\/li><li class=\"blocks-gallery-item\"><figure><a href=\"https:\/\/www.laplatera.es\/wp-content\/uploads\/2020\/02\/DETALLE_FOREST-GRAFITO-17X114.jpg\"><img loading=\"lazy\" decoding=\"async\" width=\"682\" height=\"1024\" src=\"https:\/\/www.laplatera.es\/wp-content\/uploads\/2020\/02\/DETALLE_FOREST-GRAFITO-17X114-682x1024.jpg\" alt=\"\" data-id=\"2083\" data-full-url=\"https:\/\/www.laplatera.es\/wp-content\/uploads\/2020\/02\/DETALLE_FOREST-GRAFITO-17X114.jpg\" data-link=\"https:\/\/www.laplatera.es\/colecciones\/forest\/forest-natural-17x114\/detalle_forest-grafito-17x114-2\/\" class=\"wp-image-9978\" srcset=\"https:\/\/www.laplatera.es\/wp-content\/uploads\/2020\/02\/DETALLE_FOREST-GRAFITO-17X114-682x1024.jpg 682w, https:\/\/www.laplatera.es\/wp-content\/uploads\/2020\/02\/DETALLE_FOREST-GRAFITO-17X114-200x300.jpg 200w, https:\/\/www.laplatera.es\/wp-content\/uploads\/2020\/02\/DETALLE_FOREST-GRAFITO-17X114-768x1152.jpg 768w, https:\/\/www.laplatera.es\/wp-content\/uploads\/2020\/02\/DETALLE_FOREST-GRAFITO-17X114.jpg 933w\" sizes=\"(max-width: 682px) 100vw, 682px\" \/><\/a><\/figure><\/li><li class=\"blocks-gallery-item\"><figure><a href=\"https:\/\/www.laplatera.es\/wp-content\/uploads\/2020\/03\/AMBIENTE_METAL-SILVER-35X90_02.jpg\"><img loading=\"lazy\" decoding=\"async\" width=\"819\" height=\"1024\" src=\"https:\/\/www.laplatera.es\/wp-content\/uploads\/2020\/03\/AMBIENTE_METAL-SILVER-35X90_02-819x1024.jpg\" alt=\"\" data-id=\"6122\" data-full-url=\"https:\/\/www.laplatera.es\/wp-content\/uploads\/2020\/03\/AMBIENTE_METAL-SILVER-35X90_02.jpg\" data-link=\"https:\/\/www.laplatera.es\/?attachment_id=6122\" class=\"wp-image-13676\" srcset=\"https:\/\/www.laplatera.es\/wp-content\/uploads\/2020\/03\/AMBIENTE_METAL-SILVER-35X90_02-819x1024.jpg 819w, https:\/\/www.laplatera.es\/wp-content\/uploads\/2020\/03\/AMBIENTE_METAL-SILVER-35X90_02-240x300.jpg 240w, https:\/\/www.laplatera.es\/wp-content\/uploads\/2020\/03\/AMBIENTE_METAL-SILVER-35X90_02-768x960.jpg 768w, https:\/\/www.laplatera.es\/wp-content\/uploads\/2020\/03\/AMBIENTE_METAL-SILVER-35X90_02-400x500.jpg 400w, https:\/\/www.laplatera.es\/wp-content\/uploads\/2020\/03\/AMBIENTE_METAL-SILVER-35X90_02-640x800.jpg 640w, https:\/\/www.laplatera.es\/wp-content\/uploads\/2020\/03\/AMBIENTE_METAL-SILVER-35X90_02-1024x1280.jpg 1024w, https:\/\/www.laplatera.es\/wp-content\/uploads\/2020\/03\/AMBIENTE_METAL-SILVER-35X90_02-1536x1920.jpg 1536w, https:\/\/www.laplatera.es\/wp-content\/uploads\/2020\/03\/AMBIENTE_METAL-SILVER-35X90_02-1229x1536.jpg 1229w, https:\/\/www.laplatera.es\/wp-content\/uploads\/2020\/03\/AMBIENTE_METAL-SILVER-35X90_02.jpg 1600w\" sizes=\"(max-width: 819px) 100vw, 819px\" \/><\/a><\/figure><\/li><li class=\"blocks-gallery-item\"><figure><a href=\"https:\/\/www.laplatera.es\/wp-content\/uploads\/2020\/03\/AMBIENTE_METAL-SILVER-35X90.jpg\"><img loading=\"lazy\" decoding=\"async\" width=\"819\" height=\"1024\" src=\"https:\/\/www.laplatera.es\/wp-content\/uploads\/2020\/03\/AMBIENTE_METAL-SILVER-35X90-819x1024.jpg\" alt=\"\" data-id=\"6121\" data-full-url=\"https:\/\/www.laplatera.es\/wp-content\/uploads\/2020\/03\/AMBIENTE_METAL-SILVER-35X90.jpg\" data-link=\"https:\/\/www.laplatera.es\/?attachment_id=6121\" class=\"wp-image-13675\" srcset=\"https:\/\/www.laplatera.es\/wp-content\/uploads\/2020\/03\/AMBIENTE_METAL-SILVER-35X90-819x1024.jpg 819w, https:\/\/www.laplatera.es\/wp-content\/uploads\/2020\/03\/AMBIENTE_METAL-SILVER-35X90-240x300.jpg 240w, https:\/\/www.laplatera.es\/wp-content\/uploads\/2020\/03\/AMBIENTE_METAL-SILVER-35X90-768x961.jpg 768w, https:\/\/www.laplatera.es\/wp-content\/uploads\/2020\/03\/AMBIENTE_METAL-SILVER-35X90-400x500.jpg 400w, https:\/\/www.laplatera.es\/wp-content\/uploads\/2020\/03\/AMBIENTE_METAL-SILVER-35X90-640x800.jpg 640w, https:\/\/www.laplatera.es\/wp-content\/uploads\/2020\/03\/AMBIENTE_METAL-SILVER-35X90-1023x1280.jpg 1023w, https:\/\/www.laplatera.es\/wp-content\/uploads\/2020\/03\/AMBIENTE_METAL-SILVER-35X90-1535x1920.jpg 1535w, https:\/\/www.laplatera.es\/wp-content\/uploads\/2020\/03\/AMBIENTE_METAL-SILVER-35X90-1228x1536.jpg 1228w, https:\/\/www.laplatera.es\/wp-content\/uploads\/2020\/03\/AMBIENTE_METAL-SILVER-35X90.jpg 1599w\" sizes=\"(max-width: 819px) 100vw, 819px\" \/><\/a><\/figure><\/li><li class=\"blocks-gallery-item\"><figure><a href=\"https:\/\/www.laplatera.es\/wp-content\/uploads\/2020\/02\/AMBIENTE_FOREST-GRIS-17X114.jpg\"><img loading=\"lazy\" decoding=\"async\" width=\"1024\" height=\"717\" src=\"https:\/\/www.laplatera.es\/wp-content\/uploads\/2020\/02\/AMBIENTE_FOREST-GRIS-17X114-1024x717.jpg\" alt=\"\" data-id=\"2079\" data-full-url=\"https:\/\/www.laplatera.es\/wp-content\/uploads\/2020\/02\/AMBIENTE_FOREST-GRIS-17X114.jpg\" data-link=\"https:\/\/www.laplatera.es\/colecciones\/forest\/forest-natural-17x114\/ambiente_forest-gris-17x114-2\/\" class=\"wp-image-6850\" srcset=\"https:\/\/www.laplatera.es\/wp-content\/uploads\/2020\/02\/AMBIENTE_FOREST-GRIS-17X114-1024x717.jpg 1024w, https:\/\/www.laplatera.es\/wp-content\/uploads\/2020\/02\/AMBIENTE_FOREST-GRIS-17X114-300x210.jpg 300w, https:\/\/www.laplatera.es\/wp-content\/uploads\/2020\/02\/AMBIENTE_FOREST-GRIS-17X114-768x538.jpg 768w, https:\/\/www.laplatera.es\/wp-content\/uploads\/2020\/02\/AMBIENTE_FOREST-GRIS-17X114-1536x1076.jpg 1536w, https:\/\/www.laplatera.es\/wp-content\/uploads\/2020\/02\/AMBIENTE_FOREST-GRIS-17X114.jpg 1999w\" sizes=\"(max-width: 1024px) 100vw, 1024px\" \/><\/a><\/figure><\/li><li class=\"blocks-gallery-item\"><figure><a href=\"https:\/\/www.laplatera.es\/wp-content\/uploads\/2020\/02\/AMBIENTE_FOREST-NATURAL-17X114_03.jpg\"><img loading=\"lazy\" decoding=\"async\" width=\"1024\" height=\"717\" src=\"https:\/\/www.laplatera.es\/wp-content\/uploads\/2020\/02\/AMBIENTE_FOREST-NATURAL-17X114_03-1024x717.jpg\" alt=\"\" data-id=\"2081\" data-full-url=\"https:\/\/www.laplatera.es\/wp-content\/uploads\/2020\/02\/AMBIENTE_FOREST-NATURAL-17X114_03.jpg\" data-link=\"https:\/\/www.laplatera.es\/colecciones\/forest\/forest-natural-17x114\/ambiente_forest-natural-17x114_03-2\/\" class=\"wp-image-6856\" srcset=\"https:\/\/www.laplatera.es\/wp-content\/uploads\/2020\/02\/AMBIENTE_FOREST-NATURAL-17X114_03-1024x717.jpg 1024w, https:\/\/www.laplatera.es\/wp-content\/uploads\/2020\/02\/AMBIENTE_FOREST-NATURAL-17X114_03-300x210.jpg 300w, https:\/\/www.laplatera.es\/wp-content\/uploads\/2020\/02\/AMBIENTE_FOREST-NATURAL-17X114_03-768x538.jpg 768w, https:\/\/www.laplatera.es\/wp-content\/uploads\/2020\/02\/AMBIENTE_FOREST-NATURAL-17X114_03-1536x1075.jpg 1536w, https:\/\/www.laplatera.es\/wp-content\/uploads\/2020\/02\/AMBIENTE_FOREST-NATURAL-17X114_03.jpg 2000w\" sizes=\"(max-width: 1024px) 100vw, 1024px\" \/><\/a><\/figure><\/li><li class=\"blocks-gallery-item\"><figure><a href=\"https:\/\/www.laplatera.es\/wp-content\/uploads\/2020\/03\/AMBIENTE_SATEN-BLANCO-35X90.jpg\"><img loading=\"lazy\" decoding=\"async\" width=\"1024\" height=\"652\" src=\"https:\/\/www.laplatera.es\/wp-content\/uploads\/2020\/03\/AMBIENTE_SATEN-BLANCO-35X90-1024x652.jpg\" alt=\"\" data-id=\"5046\" data-full-url=\"https:\/\/www.laplatera.es\/wp-content\/uploads\/2020\/03\/AMBIENTE_SATEN-BLANCO-35X90.jpg\" data-link=\"https:\/\/www.laplatera.es\/colecciones\/saten\/saten-blanco\/saten-blanco-35x90\/ambiente_saten-blanco-35x90-2\/\" class=\"wp-image-11429\" srcset=\"https:\/\/www.laplatera.es\/wp-content\/uploads\/2020\/03\/AMBIENTE_SATEN-BLANCO-35X90-1024x652.jpg 1024w, https:\/\/www.laplatera.es\/wp-content\/uploads\/2020\/03\/AMBIENTE_SATEN-BLANCO-35X90-300x191.jpg 300w, https:\/\/www.laplatera.es\/wp-content\/uploads\/2020\/03\/AMBIENTE_SATEN-BLANCO-35X90-768x489.jpg 768w, https:\/\/www.laplatera.es\/wp-content\/uploads\/2020\/03\/AMBIENTE_SATEN-BLANCO-35X90-500x318.jpg 500w, https:\/\/www.laplatera.es\/wp-content\/uploads\/2020\/03\/AMBIENTE_SATEN-BLANCO-35X90-800x509.jpg 800w, https:\/\/www.laplatera.es\/wp-content\/uploads\/2020\/03\/AMBIENTE_SATEN-BLANCO-35X90.jpg 1200w\" sizes=\"(max-width: 1024px) 100vw, 1024px\" \/><\/a><\/figure><\/li><li class=\"blocks-gallery-item\"><figure><a href=\"https:\/\/www.laplatera.es\/wp-content\/uploads\/2020\/03\/AMBIENTE_SATEN-BLANCO-35X90_03.jpg\"><img loading=\"lazy\" decoding=\"async\" width=\"1024\" height=\"652\" src=\"https:\/\/www.laplatera.es\/wp-content\/uploads\/2020\/03\/AMBIENTE_SATEN-BLANCO-35X90_03-1024x652.jpg\" alt=\"\" data-id=\"5045\" data-full-url=\"https:\/\/www.laplatera.es\/wp-content\/uploads\/2020\/03\/AMBIENTE_SATEN-BLANCO-35X90_03.jpg\" data-link=\"https:\/\/www.laplatera.es\/colecciones\/saten\/saten-blanco\/saten-blanco-35x90\/ambiente_saten-blanco-35x90_03-2\/\" class=\"wp-image-11427\" srcset=\"https:\/\/www.laplatera.es\/wp-content\/uploads\/2020\/03\/AMBIENTE_SATEN-BLANCO-35X90_03-1024x652.jpg 1024w, https:\/\/www.laplatera.es\/wp-content\/uploads\/2020\/03\/AMBIENTE_SATEN-BLANCO-35X90_03-300x191.jpg 300w, https:\/\/www.laplatera.es\/wp-content\/uploads\/2020\/03\/AMBIENTE_SATEN-BLANCO-35X90_03-768x489.jpg 768w, https:\/\/www.laplatera.es\/wp-content\/uploads\/2020\/03\/AMBIENTE_SATEN-BLANCO-35X90_03-500x318.jpg 500w, https:\/\/www.laplatera.es\/wp-content\/uploads\/2020\/03\/AMBIENTE_SATEN-BLANCO-35X90_03-800x509.jpg 800w, https:\/\/www.laplatera.es\/wp-content\/uploads\/2020\/03\/AMBIENTE_SATEN-BLANCO-35X90_03.jpg 1200w\" sizes=\"(max-width: 1024px) 100vw, 1024px\" \/><\/a><\/figure><\/li><li class=\"blocks-gallery-item\"><figure><a href=\"https:\/\/www.laplatera.es\/wp-content\/uploads\/2020\/03\/AMBIENTE_SATEN-BLANCO-35X90_02.jpg\"><img loading=\"lazy\" decoding=\"async\" width=\"1024\" height=\"651\" src=\"https:\/\/www.laplatera.es\/wp-content\/uploads\/2020\/03\/AMBIENTE_SATEN-BLANCO-35X90_02-1024x651.jpg\" alt=\"\" data-id=\"5044\" data-full-url=\"https:\/\/www.laplatera.es\/wp-content\/uploads\/2020\/03\/AMBIENTE_SATEN-BLANCO-35X90_02.jpg\" data-link=\"https:\/\/www.laplatera.es\/colecciones\/saten\/saten-blanco\/saten-blanco-35x90\/ambiente_saten-blanco-35x90_02-2\/\" class=\"wp-image-11425\" srcset=\"https:\/\/www.laplatera.es\/wp-content\/uploads\/2020\/03\/AMBIENTE_SATEN-BLANCO-35X90_02-1024x651.jpg 1024w, https:\/\/www.laplatera.es\/wp-content\/uploads\/2020\/03\/AMBIENTE_SATEN-BLANCO-35X90_02-300x191.jpg 300w, https:\/\/www.laplatera.es\/wp-content\/uploads\/2020\/03\/AMBIENTE_SATEN-BLANCO-35X90_02-768x488.jpg 768w, https:\/\/www.laplatera.es\/wp-content\/uploads\/2020\/03\/AMBIENTE_SATEN-BLANCO-35X90_02-500x318.jpg 500w, https:\/\/www.laplatera.es\/wp-content\/uploads\/2020\/03\/AMBIENTE_SATEN-BLANCO-35X90_02-800x509.jpg 800w, https:\/\/www.laplatera.es\/wp-content\/uploads\/2020\/03\/AMBIENTE_SATEN-BLANCO-35X90_02.jpg 1200w\" sizes=\"(max-width: 1024px) 100vw, 1024px\" \/><\/a><\/figure><\/li><li class=\"blocks-gallery-item\"><figure><a href=\"https:\/\/www.laplatera.es\/wp-content\/uploads\/2020\/02\/AMBIENTE_TRIUMPH-SNOW-35X90-1.jpg\"><img loading=\"lazy\" decoding=\"async\" width=\"1024\" height=\"717\" src=\"https:\/\/www.laplatera.es\/wp-content\/uploads\/2020\/02\/AMBIENTE_TRIUMPH-SNOW-35X90-1-1024x717.jpg\" alt=\"\" data-id=\"3234\" data-full-url=\"https:\/\/www.laplatera.es\/wp-content\/uploads\/2020\/02\/AMBIENTE_TRIUMPH-SNOW-35X90-1.jpg\" data-link=\"https:\/\/www.laplatera.es\/colecciones\/triumph\/triumph-snow-35x90\/ambiente_triumph-snow-35x90-2\/\" class=\"wp-image-10836\" srcset=\"https:\/\/www.laplatera.es\/wp-content\/uploads\/2020\/02\/AMBIENTE_TRIUMPH-SNOW-35X90-1-1024x717.jpg 1024w, https:\/\/www.laplatera.es\/wp-content\/uploads\/2020\/02\/AMBIENTE_TRIUMPH-SNOW-35X90-1-300x210.jpg 300w, https:\/\/www.laplatera.es\/wp-content\/uploads\/2020\/02\/AMBIENTE_TRIUMPH-SNOW-35X90-1-768x538.jpg 768w, https:\/\/www.laplatera.es\/wp-content\/uploads\/2020\/02\/AMBIENTE_TRIUMPH-SNOW-35X90-1-1536x1076.jpg 1536w, https:\/\/www.laplatera.es\/wp-content\/uploads\/2020\/02\/AMBIENTE_TRIUMPH-SNOW-35X90-1.jpg 1999w\" sizes=\"(max-width: 1024px) 100vw, 1024px\" \/><\/a><\/figure><\/li><li class=\"blocks-gallery-item\"><figure><a href=\"https:\/\/www.laplatera.es\/wp-content\/uploads\/2020\/02\/AMBIENTE_TRIUMPH-SNOW-35X90_02-1.jpg\"><img loading=\"lazy\" decoding=\"async\" width=\"1024\" height=\"717\" src=\"https:\/\/www.laplatera.es\/wp-content\/uploads\/2020\/02\/AMBIENTE_TRIUMPH-SNOW-35X90_02-1-1024x717.jpg\" alt=\"\" data-id=\"3232\" data-full-url=\"https:\/\/www.laplatera.es\/wp-content\/uploads\/2020\/02\/AMBIENTE_TRIUMPH-SNOW-35X90_02-1.jpg\" data-link=\"https:\/\/www.laplatera.es\/colecciones\/triumph\/triumph-snow-35x90\/ambiente_triumph-snow-35x90_02-2\/\" class=\"wp-image-10832\" srcset=\"https:\/\/www.laplatera.es\/wp-content\/uploads\/2020\/02\/AMBIENTE_TRIUMPH-SNOW-35X90_02-1-1024x717.jpg 1024w, https:\/\/www.laplatera.es\/wp-content\/uploads\/2020\/02\/AMBIENTE_TRIUMPH-SNOW-35X90_02-1-300x210.jpg 300w, https:\/\/www.laplatera.es\/wp-content\/uploads\/2020\/02\/AMBIENTE_TRIUMPH-SNOW-35X90_02-1-768x538.jpg 768w, https:\/\/www.laplatera.es\/wp-content\/uploads\/2020\/02\/AMBIENTE_TRIUMPH-SNOW-35X90_02-1-1536x1076.jpg 1536w, https:\/\/www.laplatera.es\/wp-content\/uploads\/2020\/02\/AMBIENTE_TRIUMPH-SNOW-35X90_02-1.jpg 1999w\" sizes=\"(max-width: 1024px) 100vw, 1024px\" \/><\/a><\/figure><\/li><li class=\"blocks-gallery-item\"><figure><a href=\"https:\/\/www.laplatera.es\/wp-content\/uploads\/2020\/02\/AMBIENTE_FIRENZE-35X90.jpg\"><img loading=\"lazy\" decoding=\"async\" width=\"1024\" height=\"717\" src=\"https:\/\/www.laplatera.es\/wp-content\/uploads\/2020\/02\/AMBIENTE_FIRENZE-35X90-1024x717.jpg\" alt=\"\" data-id=\"2124\" data-full-url=\"https:\/\/www.laplatera.es\/wp-content\/uploads\/2020\/02\/AMBIENTE_FIRENZE-35X90.jpg\" data-link=\"https:\/\/www.laplatera.es\/ambiente_firenze-35x90\/\" class=\"wp-image-10027\" srcset=\"https:\/\/www.laplatera.es\/wp-content\/uploads\/2020\/02\/AMBIENTE_FIRENZE-35X90-1024x717.jpg 1024w, https:\/\/www.laplatera.es\/wp-content\/uploads\/2020\/02\/AMBIENTE_FIRENZE-35X90-300x210.jpg 300w, https:\/\/www.laplatera.es\/wp-content\/uploads\/2020\/02\/AMBIENTE_FIRENZE-35X90-768x538.jpg 768w, https:\/\/www.laplatera.es\/wp-content\/uploads\/2020\/02\/AMBIENTE_FIRENZE-35X90.jpg 1200w\" sizes=\"(max-width: 1024px) 100vw, 1024px\" \/><\/a><\/figure><\/li><li class=\"blocks-gallery-item\"><figure><a href=\"https:\/\/www.laplatera.es\/wp-content\/uploads\/2020\/02\/AMBIENTE_FIRENZE-35X90_03.jpg\"><img loading=\"lazy\" decoding=\"async\" width=\"804\" height=\"1024\" src=\"https:\/\/www.laplatera.es\/wp-content\/uploads\/2020\/02\/AMBIENTE_FIRENZE-35X90_03-804x1024.jpg\" alt=\"\" data-id=\"2123\" data-full-url=\"https:\/\/www.laplatera.es\/wp-content\/uploads\/2020\/02\/AMBIENTE_FIRENZE-35X90_03.jpg\" data-link=\"https:\/\/www.laplatera.es\/ambiente_firenze-35x90_03\/\" class=\"wp-image-10025\" srcset=\"https:\/\/www.laplatera.es\/wp-content\/uploads\/2020\/02\/AMBIENTE_FIRENZE-35X90_03-804x1024.jpg 804w, https:\/\/www.laplatera.es\/wp-content\/uploads\/2020\/02\/AMBIENTE_FIRENZE-35X90_03-236x300.jpg 236w, https:\/\/www.laplatera.es\/wp-content\/uploads\/2020\/02\/AMBIENTE_FIRENZE-35X90_03-768x978.jpg 768w, https:\/\/www.laplatera.es\/wp-content\/uploads\/2020\/02\/AMBIENTE_FIRENZE-35X90_03.jpg 942w\" sizes=\"(max-width: 804px) 100vw, 804px\" \/><\/a><\/figure><\/li><li class=\"blocks-gallery-item\"><figure><a href=\"https:\/\/www.laplatera.es\/wp-content\/uploads\/2020\/02\/AMBIENTE_FIRENZE-35X90_02.jpg\"><img loading=\"lazy\" decoding=\"async\" width=\"804\" height=\"1024\" src=\"https:\/\/www.laplatera.es\/wp-content\/uploads\/2020\/02\/AMBIENTE_FIRENZE-35X90_02-804x1024.jpg\" alt=\"\" data-id=\"2122\" data-full-url=\"https:\/\/www.laplatera.es\/wp-content\/uploads\/2020\/02\/AMBIENTE_FIRENZE-35X90_02.jpg\" data-link=\"https:\/\/www.laplatera.es\/ambiente_firenze-35x90_02\/\" class=\"wp-image-10023\" srcset=\"https:\/\/www.laplatera.es\/wp-content\/uploads\/2020\/02\/AMBIENTE_FIRENZE-35X90_02-804x1024.jpg 804w, https:\/\/www.laplatera.es\/wp-content\/uploads\/2020\/02\/AMBIENTE_FIRENZE-35X90_02-236x300.jpg 236w, https:\/\/www.laplatera.es\/wp-content\/uploads\/2020\/02\/AMBIENTE_FIRENZE-35X90_02-768x978.jpg 768w, https:\/\/www.laplatera.es\/wp-content\/uploads\/2020\/02\/AMBIENTE_FIRENZE-35X90_02.jpg 942w\" sizes=\"(max-width: 804px) 100vw, 804px\" \/><\/a><\/figure><\/li><\/ul><\/figure>","protected":false},"excerpt":{"rendered":"<p>Il offre chaleur, confort et espace convivial avec tous les avantages du gr\u00e8s c\u00e9rame. Le<\/p>\n<div class=\"read-more\"><a href=\"https:\/\/www.laplatera.es\/fr\/la-beaute-du-bois-avec-la-serie-en-gres-cerame-forest\/\" class=\"more-link\">Read More<\/a><\/div>\n","protected":false},"author":1,"featured_media":6853,"comment_status":"closed","ping_status":"closed","sticky":false,"template":"","format":"standard","meta":{"_acf_changed":false,"footnotes":""},"categories":[74],"tags":[],"class_list":["post-16095","post","type-post","status-publish","format-standard","has-post-thumbnail","hentry","category-categoria-colecciones-fr","entry"],"acf":[],"yoast_head":"<!-- This site is optimized with the Yoast SEO Premium plugin v28.3 (Yoast SEO v28.3) - https:\/\/yoast.com\/product\/yoast-seo-premium-wordpress\/ -->\n<title>La beaut\u00e9 du bois avec la s\u00e9rie en gr\u00e8s c\u00e9rame Forest<\/title>\n<meta name=\"robots\" content=\"index, follow, max-snippet:-1, max-image-preview:large, max-video-preview:-1\" \/>\n<link rel=\"canonical\" href=\"https:\/\/www.laplatera.es\/fr\/la-beaute-du-bois-avec-la-serie-en-gres-cerame-forest\/\" \/>\n<meta property=\"og:locale\" content=\"fr_FR\" \/>\n<meta property=\"og:type\" content=\"article\" \/>\n<meta property=\"og:title\" content=\"La beaut\u00e9 du bois avec la s\u00e9rie en gr\u00e8s c\u00e9rame Forest\" \/>\n<meta property=\"og:description\" content=\"Il offre chaleur, confort et espace convivial avec tous les avantages du gr\u00e8s c\u00e9rame. Le bois est un mat\u00e9riel naturel qui vit dans nos for\u00eats, nos\" \/>\n<meta property=\"og:url\" content=\"https:\/\/www.laplatera.es\/fr\/la-beaute-du-bois-avec-la-serie-en-gres-cerame-forest\/\" \/>\n<meta property=\"og:site_name\" content=\"La Platera - Transformamos tus espacios con pavimentos y revestimientos en cer\u00e1mica de alta calidad y dise\u00f1o \u00fanico\" \/>\n<meta property=\"article:publisher\" content=\"https:\/\/www.facebook.com\/laplatera.es\/\" \/>\n<meta property=\"article:published_time\" content=\"2020-10-07T15:43:38+00:00\" \/>\n<meta property=\"article:modified_time\" content=\"2020-10-07T15:43:48+00:00\" \/>\n<meta property=\"og:image\" content=\"https:\/\/www.laplatera.es\/wp-content\/uploads\/2020\/02\/AMBIENTE_FOREST-NATURAL-17X114_2-1024x717.jpg\" \/>\n\t<meta property=\"og:image:width\" content=\"1024\" \/>\n\t<meta property=\"og:image:height\" content=\"717\" \/>\n\t<meta property=\"og:image:type\" content=\"image\/jpeg\" \/>\n<meta name=\"author\" content=\"Jordi Trilles\" \/>\n<meta name=\"twitter:card\" content=\"summary_large_image\" \/>\n<meta name=\"twitter:creator\" content=\"@la_platera\" \/>\n<meta name=\"twitter:site\" content=\"@la_platera\" \/>\n<meta name=\"twitter:label1\" content=\"\u00c9crit par\" \/>\n\t<meta name=\"twitter:data1\" content=\"Jordi Trilles\" \/>\n\t<meta name=\"twitter:label2\" content=\"Dur\u00e9e de lecture estim\u00e9e\" \/>\n\t<meta name=\"twitter:data2\" content=\"2 minutes\" \/>\n<script type=\"application\/ld+json\" class=\"yoast-schema-graph\">{\"@context\":\"https:\\\/\\\/schema.org\",\"@graph\":[{\"@type\":\"Article\",\"@id\":\"https:\\\/\\\/www.laplatera.es\\\/fr\\\/la-beaute-du-bois-avec-la-serie-en-gres-cerame-forest\\\/#article\",\"isPartOf\":{\"@id\":\"https:\\\/\\\/www.laplatera.es\\\/fr\\\/la-beaute-du-bois-avec-la-serie-en-gres-cerame-forest\\\/\"},\"author\":{\"name\":\"Jordi Trilles\",\"@id\":\"https:\\\/\\\/www.laplatera.es\\\/fr\\\/#\\\/schema\\\/person\\\/3b5e854355cf4857d5d0ad1ee0e1c8db\"},\"headline\":\"La beaut\u00e9 du bois avec la s\u00e9rie en gr\u00e8s c\u00e9rame Forest\",\"datePublished\":\"2020-10-07T15:43:38+00:00\",\"dateModified\":\"2020-10-07T15:43:48+00:00\",\"mainEntityOfPage\":{\"@id\":\"https:\\\/\\\/www.laplatera.es\\\/fr\\\/la-beaute-du-bois-avec-la-serie-en-gres-cerame-forest\\\/\"},\"wordCount\":345,\"publisher\":{\"@id\":\"https:\\\/\\\/www.laplatera.es\\\/fr\\\/#organization\"},\"image\":{\"@id\":\"https:\\\/\\\/www.laplatera.es\\\/fr\\\/la-beaute-du-bois-avec-la-serie-en-gres-cerame-forest\\\/#primaryimage\"},\"thumbnailUrl\":\"https:\\\/\\\/www.laplatera.es\\\/wp-content\\\/uploads\\\/2020\\\/02\\\/AMBIENTE_FOREST-NATURAL-17X114_2.jpg\",\"articleSection\":[\"Collections\"],\"inLanguage\":\"fr-FR\"},{\"@type\":\"WebPage\",\"@id\":\"https:\\\/\\\/www.laplatera.es\\\/fr\\\/la-beaute-du-bois-avec-la-serie-en-gres-cerame-forest\\\/\",\"url\":\"https:\\\/\\\/www.laplatera.es\\\/fr\\\/la-beaute-du-bois-avec-la-serie-en-gres-cerame-forest\\\/\",\"name\":\"La beaut\u00e9 du bois avec la s\u00e9rie en gr\u00e8s c\u00e9rame Forest\",\"isPartOf\":{\"@id\":\"https:\\\/\\\/www.laplatera.es\\\/fr\\\/#website\"},\"primaryImageOfPage\":{\"@id\":\"https:\\\/\\\/www.laplatera.es\\\/fr\\\/la-beaute-du-bois-avec-la-serie-en-gres-cerame-forest\\\/#primaryimage\"},\"image\":{\"@id\":\"https:\\\/\\\/www.laplatera.es\\\/fr\\\/la-beaute-du-bois-avec-la-serie-en-gres-cerame-forest\\\/#primaryimage\"},\"thumbnailUrl\":\"https:\\\/\\\/www.laplatera.es\\\/wp-content\\\/uploads\\\/2020\\\/02\\\/AMBIENTE_FOREST-NATURAL-17X114_2.jpg\",\"datePublished\":\"2020-10-07T15:43:38+00:00\",\"dateModified\":\"2020-10-07T15:43:48+00:00\",\"breadcrumb\":{\"@id\":\"https:\\\/\\\/www.laplatera.es\\\/fr\\\/la-beaute-du-bois-avec-la-serie-en-gres-cerame-forest\\\/#breadcrumb\"},\"inLanguage\":\"fr-FR\",\"potentialAction\":[{\"@type\":\"ReadAction\",\"target\":[\"https:\\\/\\\/www.laplatera.es\\\/fr\\\/la-beaute-du-bois-avec-la-serie-en-gres-cerame-forest\\\/\"]}]},{\"@type\":\"ImageObject\",\"inLanguage\":\"fr-FR\",\"@id\":\"https:\\\/\\\/www.laplatera.es\\\/fr\\\/la-beaute-du-bois-avec-la-serie-en-gres-cerame-forest\\\/#primaryimage\",\"url\":\"https:\\\/\\\/www.laplatera.es\\\/wp-content\\\/uploads\\\/2020\\\/02\\\/AMBIENTE_FOREST-NATURAL-17X114_2.jpg\",\"contentUrl\":\"https:\\\/\\\/www.laplatera.es\\\/wp-content\\\/uploads\\\/2020\\\/02\\\/AMBIENTE_FOREST-NATURAL-17X114_2.jpg\",\"width\":2000,\"height\":1400},{\"@type\":\"BreadcrumbList\",\"@id\":\"https:\\\/\\\/www.laplatera.es\\\/fr\\\/la-beaute-du-bois-avec-la-serie-en-gres-cerame-forest\\\/#breadcrumb\",\"itemListElement\":[{\"@type\":\"ListItem\",\"position\":1,\"name\":\"Inicio\",\"item\":\"https:\\\/\\\/www.laplatera.es\\\/fr\\\/\"},{\"@type\":\"ListItem\",\"position\":2,\"name\":\"La beaut\u00e9 du bois avec la s\u00e9rie en gr\u00e8s c\u00e9rame Forest\"}]},{\"@type\":\"WebSite\",\"@id\":\"https:\\\/\\\/www.laplatera.es\\\/fr\\\/#website\",\"url\":\"https:\\\/\\\/www.laplatera.es\\\/fr\\\/\",\"name\":\"La Platera\",\"description\":\"La Platera, m\u00e1s de 60 a\u00f1os fabricando cer\u00e1mica para vuestros proyectos y hogares.\",\"publisher\":{\"@id\":\"https:\\\/\\\/www.laplatera.es\\\/fr\\\/#organization\"},\"potentialAction\":[{\"@type\":\"SearchAction\",\"target\":{\"@type\":\"EntryPoint\",\"urlTemplate\":\"https:\\\/\\\/www.laplatera.es\\\/fr\\\/?s={search_term_string}\"},\"query-input\":{\"@type\":\"PropertyValueSpecification\",\"valueRequired\":true,\"valueName\":\"search_term_string\"}}],\"inLanguage\":\"fr-FR\"},{\"@type\":\"Organization\",\"@id\":\"https:\\\/\\\/www.laplatera.es\\\/fr\\\/#organization\",\"name\":\"La Platera S.A.\",\"url\":\"https:\\\/\\\/www.laplatera.es\\\/fr\\\/\",\"logo\":{\"@type\":\"ImageObject\",\"inLanguage\":\"fr-FR\",\"@id\":\"https:\\\/\\\/www.laplatera.es\\\/fr\\\/#\\\/schema\\\/logo\\\/image\\\/\",\"url\":\"https:\\\/\\\/www.laplatera.es\\\/wp-content\\\/uploads\\\/2019\\\/11\\\/LA-PLATERA-1.png\",\"contentUrl\":\"https:\\\/\\\/www.laplatera.es\\\/wp-content\\\/uploads\\\/2019\\\/11\\\/LA-PLATERA-1.png\",\"width\":248,\"height\":80,\"caption\":\"La Platera S.A.\"},\"image\":{\"@id\":\"https:\\\/\\\/www.laplatera.es\\\/fr\\\/#\\\/schema\\\/logo\\\/image\\\/\"},\"sameAs\":[\"https:\\\/\\\/www.facebook.com\\\/laplatera.es\\\/\",\"https:\\\/\\\/x.com\\\/la_platera\",\"https:\\\/\\\/www.instagram.com\\\/laplatera_ceramica\\\/\",\"https:\\\/\\\/www.linkedin.com\\\/company\\\/la-platera\\\/\",\"https:\\\/\\\/www.pinterest.es\\\/laplatera_es\\\/\",\"https:\\\/\\\/www.youtube.com\\\/channel\\\/UCO4SrLE4LU8_z-aVkLlDU8A\"]},{\"@type\":\"Person\",\"@id\":\"https:\\\/\\\/www.laplatera.es\\\/fr\\\/#\\\/schema\\\/person\\\/3b5e854355cf4857d5d0ad1ee0e1c8db\",\"name\":\"Jordi Trilles\",\"image\":{\"@type\":\"ImageObject\",\"inLanguage\":\"fr-FR\",\"@id\":\"https:\\\/\\\/secure.gravatar.com\\\/avatar\\\/f39806f1d20ab2944bc0360042c4f622714c4c6ceeaa58fe63ebf5b49b57000f?s=96&d=mm&r=g\",\"url\":\"https:\\\/\\\/secure.gravatar.com\\\/avatar\\\/f39806f1d20ab2944bc0360042c4f622714c4c6ceeaa58fe63ebf5b49b57000f?s=96&d=mm&r=g\",\"contentUrl\":\"https:\\\/\\\/secure.gravatar.com\\\/avatar\\\/f39806f1d20ab2944bc0360042c4f622714c4c6ceeaa58fe63ebf5b49b57000f?s=96&d=mm&r=g\",\"caption\":\"Jordi Trilles\"}}]}<\/script>\n<!-- \/ Yoast SEO Premium plugin. -->","yoast_head_json":{"title":"La beaut\u00e9 du bois avec la s\u00e9rie en gr\u00e8s c\u00e9rame Forest","robots":{"index":"index","follow":"follow","max-snippet":"max-snippet:-1","max-image-preview":"max-image-preview:large","max-video-preview":"max-video-preview:-1"},"canonical":"https:\/\/www.laplatera.es\/fr\/la-beaute-du-bois-avec-la-serie-en-gres-cerame-forest\/","og_locale":"fr_FR","og_type":"article","og_title":"La beaut\u00e9 du bois avec la s\u00e9rie en gr\u00e8s c\u00e9rame Forest","og_description":"Il offre chaleur, confort et espace convivial avec tous les avantages du gr\u00e8s c\u00e9rame. Le bois est un mat\u00e9riel naturel qui vit dans nos for\u00eats, nos","og_url":"https:\/\/www.laplatera.es\/fr\/la-beaute-du-bois-avec-la-serie-en-gres-cerame-forest\/","og_site_name":"La Platera - Transformamos tus espacios con pavimentos y revestimientos en cer\u00e1mica de alta calidad y dise\u00f1o \u00fanico","article_publisher":"https:\/\/www.facebook.com\/laplatera.es\/","article_published_time":"2020-10-07T15:43:38+00:00","article_modified_time":"2020-10-07T15:43:48+00:00","og_image":[{"width":1024,"height":717,"url":"https:\/\/www.laplatera.es\/wp-content\/uploads\/2020\/02\/AMBIENTE_FOREST-NATURAL-17X114_2-1024x717.jpg","type":"image\/jpeg"}],"author":"Jordi Trilles","twitter_card":"summary_large_image","twitter_creator":"@la_platera","twitter_site":"@la_platera","twitter_misc":{"\u00c9crit par":"Jordi Trilles","Dur\u00e9e de lecture estim\u00e9e":"2 minutes"},"schema":{"@context":"https:\/\/schema.org","@graph":[{"@type":"Article","@id":"https:\/\/www.laplatera.es\/fr\/la-beaute-du-bois-avec-la-serie-en-gres-cerame-forest\/#article","isPartOf":{"@id":"https:\/\/www.laplatera.es\/fr\/la-beaute-du-bois-avec-la-serie-en-gres-cerame-forest\/"},"author":{"name":"Jordi Trilles","@id":"https:\/\/www.laplatera.es\/fr\/#\/schema\/person\/3b5e854355cf4857d5d0ad1ee0e1c8db"},"headline":"La beaut\u00e9 du bois avec la s\u00e9rie en gr\u00e8s c\u00e9rame Forest","datePublished":"2020-10-07T15:43:38+00:00","dateModified":"2020-10-07T15:43:48+00:00","mainEntityOfPage":{"@id":"https:\/\/www.laplatera.es\/fr\/la-beaute-du-bois-avec-la-serie-en-gres-cerame-forest\/"},"wordCount":345,"publisher":{"@id":"https:\/\/www.laplatera.es\/fr\/#organization"},"image":{"@id":"https:\/\/www.laplatera.es\/fr\/la-beaute-du-bois-avec-la-serie-en-gres-cerame-forest\/#primaryimage"},"thumbnailUrl":"https:\/\/www.laplatera.es\/wp-content\/uploads\/2020\/02\/AMBIENTE_FOREST-NATURAL-17X114_2.jpg","articleSection":["Collections"],"inLanguage":"fr-FR"},{"@type":"WebPage","@id":"https:\/\/www.laplatera.es\/fr\/la-beaute-du-bois-avec-la-serie-en-gres-cerame-forest\/","url":"https:\/\/www.laplatera.es\/fr\/la-beaute-du-bois-avec-la-serie-en-gres-cerame-forest\/","name":"La beaut\u00e9 du bois avec la s\u00e9rie en gr\u00e8s c\u00e9rame Forest","isPartOf":{"@id":"https:\/\/www.laplatera.es\/fr\/#website"},"primaryImageOfPage":{"@id":"https:\/\/www.laplatera.es\/fr\/la-beaute-du-bois-avec-la-serie-en-gres-cerame-forest\/#primaryimage"},"image":{"@id":"https:\/\/www.laplatera.es\/fr\/la-beaute-du-bois-avec-la-serie-en-gres-cerame-forest\/#primaryimage"},"thumbnailUrl":"https:\/\/www.laplatera.es\/wp-content\/uploads\/2020\/02\/AMBIENTE_FOREST-NATURAL-17X114_2.jpg","datePublished":"2020-10-07T15:43:38+00:00","dateModified":"2020-10-07T15:43:48+00:00","breadcrumb":{"@id":"https:\/\/www.laplatera.es\/fr\/la-beaute-du-bois-avec-la-serie-en-gres-cerame-forest\/#breadcrumb"},"inLanguage":"fr-FR","potentialAction":[{"@type":"ReadAction","target":["https:\/\/www.laplatera.es\/fr\/la-beaute-du-bois-avec-la-serie-en-gres-cerame-forest\/"]}]},{"@type":"ImageObject","inLanguage":"fr-FR","@id":"https:\/\/www.laplatera.es\/fr\/la-beaute-du-bois-avec-la-serie-en-gres-cerame-forest\/#primaryimage","url":"https:\/\/www.laplatera.es\/wp-content\/uploads\/2020\/02\/AMBIENTE_FOREST-NATURAL-17X114_2.jpg","contentUrl":"https:\/\/www.laplatera.es\/wp-content\/uploads\/2020\/02\/AMBIENTE_FOREST-NATURAL-17X114_2.jpg","width":2000,"height":1400},{"@type":"BreadcrumbList","@id":"https:\/\/www.laplatera.es\/fr\/la-beaute-du-bois-avec-la-serie-en-gres-cerame-forest\/#breadcrumb","itemListElement":[{"@type":"ListItem","position":1,"name":"Inicio","item":"https:\/\/www.laplatera.es\/fr\/"},{"@type":"ListItem","position":2,"name":"La beaut\u00e9 du bois avec la s\u00e9rie en gr\u00e8s c\u00e9rame Forest"}]},{"@type":"WebSite","@id":"https:\/\/www.laplatera.es\/fr\/#website","url":"https:\/\/www.laplatera.es\/fr\/","name":"La Platera","description":"La Platera, m\u00e1s de 60 a\u00f1os fabricando cer\u00e1mica para vuestros proyectos y hogares.","publisher":{"@id":"https:\/\/www.laplatera.es\/fr\/#organization"},"potentialAction":[{"@type":"SearchAction","target":{"@type":"EntryPoint","urlTemplate":"https:\/\/www.laplatera.es\/fr\/?s={search_term_string}"},"query-input":{"@type":"PropertyValueSpecification","valueRequired":true,"valueName":"search_term_string"}}],"inLanguage":"fr-FR"},{"@type":"Organization","@id":"https:\/\/www.laplatera.es\/fr\/#organization","name":"La Platera S.A.","url":"https:\/\/www.laplatera.es\/fr\/","logo":{"@type":"ImageObject","inLanguage":"fr-FR","@id":"https:\/\/www.laplatera.es\/fr\/#\/schema\/logo\/image\/","url":"https:\/\/www.laplatera.es\/wp-content\/uploads\/2019\/11\/LA-PLATERA-1.png","contentUrl":"https:\/\/www.laplatera.es\/wp-content\/uploads\/2019\/11\/LA-PLATERA-1.png","width":248,"height":80,"caption":"La Platera S.A."},"image":{"@id":"https:\/\/www.laplatera.es\/fr\/#\/schema\/logo\/image\/"},"sameAs":["https:\/\/www.facebook.com\/laplatera.es\/","https:\/\/x.com\/la_platera","https:\/\/www.instagram.com\/laplatera_ceramica\/","https:\/\/www.linkedin.com\/company\/la-platera\/","https:\/\/www.pinterest.es\/laplatera_es\/","https:\/\/www.youtube.com\/channel\/UCO4SrLE4LU8_z-aVkLlDU8A"]},{"@type":"Person","@id":"https:\/\/www.laplatera.es\/fr\/#\/schema\/person\/3b5e854355cf4857d5d0ad1ee0e1c8db","name":"Jordi Trilles","image":{"@type":"ImageObject","inLanguage":"fr-FR","@id":"https:\/\/secure.gravatar.com\/avatar\/f39806f1d20ab2944bc0360042c4f622714c4c6ceeaa58fe63ebf5b49b57000f?s=96&d=mm&r=g","url":"https:\/\/secure.gravatar.com\/avatar\/f39806f1d20ab2944bc0360042c4f622714c4c6ceeaa58fe63ebf5b49b57000f?s=96&d=mm&r=g","contentUrl":"https:\/\/secure.gravatar.com\/avatar\/f39806f1d20ab2944bc0360042c4f622714c4c6ceeaa58fe63ebf5b49b57000f?s=96&d=mm&r=g","caption":"Jordi Trilles"}}]}},"_links":{"self":[{"href":"https:\/\/www.laplatera.es\/fr\/wp-json\/wp\/v2\/posts\/16095","targetHints":{"allow":["GET"]}}],"collection":[{"href":"https:\/\/www.laplatera.es\/fr\/wp-json\/wp\/v2\/posts"}],"about":[{"href":"https:\/\/www.laplatera.es\/fr\/wp-json\/wp\/v2\/types\/post"}],"author":[{"embeddable":true,"href":"https:\/\/www.laplatera.es\/fr\/wp-json\/wp\/v2\/users\/1"}],"replies":[{"embeddable":true,"href":"https:\/\/www.laplatera.es\/fr\/wp-json\/wp\/v2\/comments?post=16095"}],"version-history":[{"count":0,"href":"https:\/\/www.laplatera.es\/fr\/wp-json\/wp\/v2\/posts\/16095\/revisions"}],"wp:featuredmedia":[{"embeddable":true,"href":"https:\/\/www.laplatera.es\/fr\/wp-json\/wp\/v2\/media\/6853"}],"wp:attachment":[{"href":"https:\/\/www.laplatera.es\/fr\/wp-json\/wp\/v2\/media?parent=16095"}],"wp:term":[{"taxonomy":"category","embeddable":true,"href":"https:\/\/www.laplatera.es\/fr\/wp-json\/wp\/v2\/categories?post=16095"},{"taxonomy":"post_tag","embeddable":true,"href":"https:\/\/www.laplatera.es\/fr\/wp-json\/wp\/v2\/tags?post=16095"}],"curies":[{"name":"wp","href":"https:\/\/api.w.org\/{rel}","templated":true}]}}