{"id":31374,"date":"2023-08-21T11:22:20","date_gmt":"2023-08-21T09:22:20","guid":{"rendered":"https:\/\/www.laplatera.es\/welcome-to-a-world-of-luxury-and-elegance-with-the-aureus-ceramic-collection\/"},"modified":"2023-08-21T11:22:21","modified_gmt":"2023-08-21T09:22:21","slug":"welcome-to-a-world-of-luxury-and-elegance-with-the-aureus-ceramic-collection","status":"publish","type":"post","link":"https:\/\/www.laplatera.es\/en\/welcome-to-a-world-of-luxury-and-elegance-with-the-aureus-ceramic-collection\/","title":{"rendered":"Welcome to a World of Luxury and Elegance with the AUREUS Ceramic Collection!"},"content":{"rendered":"\n<p class=\"wp-block-paragraph\">We invite you to discover the magnificent <a href=\"https:\/\/www.laplatera.es\/en\/collections\/aureus\/\">AUREUS<\/a> Ceramic Collection, where sophistication and elegance come together to embellish both your interiors and exteriors. Inspired by the grandeur of classic Roman marbles and enriched with golden accents, this unique range of ceramic coverings and floorings is here to transform your spaces with an unparalleled touch of luxury and distinction.<\/p>\n\n<p class=\"wp-block-paragraph\"><strong>Experience Versatility with AUREUS<\/strong><\/p>\n\n<p class=\"wp-block-paragraph\">The AUREUS Ceramic Collection is truly versatile. Each piece has been meticulously designed to complement a wide variety of settings, both indoors and outdoors. Its dazzling whiteness brings luminosity and clarity, while the Calacatta marble-inspired design with subtle golden veins in relief adds a touch of elegance and refinement.<\/p>\n\n<p class=\"wp-block-paragraph\"><strong>Innovative Design that Sets It Apart<\/strong><\/p>\n\n<p class=\"wp-block-paragraph\">The inspiration behind AUREUS stems from the luxury and exclusivity of gold. Thanks to state-of-the-art D-LINE technology, the AUREUS Ceramic Collection achieves an exceptional texture that mirrors the depth, shine, and authenticity of natural marble. Each piece of AUREUS is a masterpiece that infuses sophistication and luxury into your spaces.<\/p>\n\n<p class=\"wp-block-paragraph\"><strong>Create Your Own Style with AUREUS<\/strong><\/p>\n\n<p class=\"wp-block-paragraph\">The AUREUS Ceramic Collection offers an infinite palette of options to express your personal style. Whether it&#8217;s pairing it with different materials or exploring a wide range of colors, the possibilities are endless. Furthermore, AUREUS pieces harmonize perfectly with decorative elements in wood, metal, porcelain, and more, enriching your spaces with a truly distinctive touch.<\/p>\n\n<p class=\"wp-block-paragraph\"><strong>Choose the Ideal Format for You<\/strong><\/p>\n\n<p class=\"wp-block-paragraph\">The AUREUS Ceramic Collection is available in two formats: <a href=\"https:\/\/www.laplatera.es\/en\/collections\/aureus\/aureus\/aureus-60x120\/\">60&#215;120<\/a> cm and <a href=\"https:\/\/www.laplatera.es\/en\/collections\/aureus\/aureus\/gp-aureus-60x60\/\">60&#215;60<\/a> cm. These sizes provide exceptional flexibility in your designs, allowing you to create unique and stunning patterns that cater to your needs and preferences.<\/p>\n\n<p class=\"wp-block-paragraph\"><strong>Unmatched Quality of Porcelain Ceramic<\/strong><\/p>\n\n<p class=\"wp-block-paragraph\">Beyond its stunning design, the AUREUS Ceramic Collection is crafted from the highest-quality porcelain ceramic. This choice not only ensures its enduring beauty but also guarantees the strength and durability required in your spaces.<\/p>\n\n<p class=\"wp-block-paragraph\"><strong>Unwavering Commitment to Quality<\/strong><\/p>\n\n<p class=\"wp-block-paragraph\">Excellence is our commitment within the AUREUS Ceramic Collection. Each piece is a testament to our unsurpassed standards in the industry. With AUREUS, you&#8217;re not just acquiring ceramic; you&#8217;re obtaining a masterpiece of design and durability that will stand the test of time.<\/p>\n\n<p class=\"wp-block-paragraph\">Explore the exclusive AUREUS Ceramic Collection and discover how luxury and distinction can utterly transform your design projects. Immerse yourself in a world of elegance and sophistication, where each detail matters, and each space comes to life in a unique way. Step into the AUREUS universe and turn your design dreams into a stunning reality.<\/p>\n","protected":false},"excerpt":{"rendered":"<p>We invite you to discover the magnificent AUREUS Ceramic Collection, where sophistication and elegance come<\/p>\n<div class=\"read-more\"><a href=\"https:\/\/www.laplatera.es\/en\/welcome-to-a-world-of-luxury-and-elegance-with-the-aureus-ceramic-collection\/\" class=\"more-link\">Read More<\/a><\/div>\n","protected":false},"author":1,"featured_media":29542,"comment_status":"closed","ping_status":"closed","sticky":false,"template":"","format":"standard","meta":{"_acf_changed":false,"footnotes":""},"categories":[60,66],"tags":[],"class_list":["post-31374","post","type-post","status-publish","format-standard","has-post-thumbnail","hentry","category-categoria-colecciones_en","category-novelty","entry"],"acf":[],"yoast_head":"<!-- This site is optimized with the Yoast SEO Premium plugin v28.3 (Yoast SEO v28.3) - https:\/\/yoast.com\/product\/yoast-seo-premium-wordpress\/ -->\n<title>Welcome to a World of Luxury and Elegance with the AUREUS Ceramic Collection!<\/title>\n<meta name=\"robots\" content=\"index, follow, max-snippet:-1, max-image-preview:large, max-video-preview:-1\" \/>\n<link rel=\"canonical\" href=\"https:\/\/www.laplatera.es\/en\/welcome-to-a-world-of-luxury-and-elegance-with-the-aureus-ceramic-collection\/\" \/>\n<meta property=\"og:locale\" content=\"en_US\" \/>\n<meta property=\"og:type\" content=\"article\" \/>\n<meta property=\"og:title\" content=\"Welcome to a World of Luxury and Elegance with the AUREUS Ceramic Collection!\" \/>\n<meta property=\"og:description\" content=\"We invite you to discover the magnificent AUREUS Ceramic Collection, where sophistication and elegance come together to embellish both your interiors and\" \/>\n<meta property=\"og:url\" content=\"https:\/\/www.laplatera.es\/en\/welcome-to-a-world-of-luxury-and-elegance-with-the-aureus-ceramic-collection\/\" \/>\n<meta property=\"og:site_name\" content=\"La Platera - Transformamos tus espacios con pavimentos y revestimientos en cer\u00e1mica de alta calidad y dise\u00f1o \u00fanico\" \/>\n<meta property=\"article:publisher\" content=\"https:\/\/www.facebook.com\/laplatera.es\/\" \/>\n<meta property=\"article:published_time\" content=\"2023-08-21T09:22:20+00:00\" \/>\n<meta property=\"article:modified_time\" content=\"2023-08-21T09:22:21+00:00\" \/>\n<meta property=\"og:image\" content=\"https:\/\/www.laplatera.es\/wp-content\/uploads\/2023\/03\/AMBIENTE_AUREUS-60X120.jpg\" \/>\n\t<meta property=\"og:image:width\" content=\"2000\" \/>\n\t<meta property=\"og:image:height\" content=\"1400\" \/>\n\t<meta property=\"og:image:type\" content=\"image\/jpeg\" \/>\n<meta name=\"author\" content=\"Jordi Trilles\" \/>\n<meta name=\"twitter:card\" content=\"summary_large_image\" \/>\n<meta name=\"twitter:creator\" content=\"@la_platera\" \/>\n<meta name=\"twitter:site\" content=\"@la_platera\" \/>\n<meta name=\"twitter:label1\" content=\"Written by\" \/>\n\t<meta name=\"twitter:data1\" content=\"Jordi Trilles\" \/>\n\t<meta name=\"twitter:label2\" content=\"Est. reading time\" \/>\n\t<meta name=\"twitter:data2\" content=\"2 minutes\" \/>\n<script type=\"application\/ld+json\" class=\"yoast-schema-graph\">{\"@context\":\"https:\\\/\\\/schema.org\",\"@graph\":[{\"@type\":\"Article\",\"@id\":\"https:\\\/\\\/www.laplatera.es\\\/en\\\/welcome-to-a-world-of-luxury-and-elegance-with-the-aureus-ceramic-collection\\\/#article\",\"isPartOf\":{\"@id\":\"https:\\\/\\\/www.laplatera.es\\\/en\\\/welcome-to-a-world-of-luxury-and-elegance-with-the-aureus-ceramic-collection\\\/\"},\"author\":{\"name\":\"Jordi Trilles\",\"@id\":\"https:\\\/\\\/www.laplatera.es\\\/en\\\/#\\\/schema\\\/person\\\/3b5e854355cf4857d5d0ad1ee0e1c8db\"},\"headline\":\"Welcome to a World of Luxury and Elegance with the AUREUS Ceramic Collection!\",\"datePublished\":\"2023-08-21T09:22:20+00:00\",\"dateModified\":\"2023-08-21T09:22:21+00:00\",\"mainEntityOfPage\":{\"@id\":\"https:\\\/\\\/www.laplatera.es\\\/en\\\/welcome-to-a-world-of-luxury-and-elegance-with-the-aureus-ceramic-collection\\\/\"},\"wordCount\":428,\"publisher\":{\"@id\":\"https:\\\/\\\/www.laplatera.es\\\/en\\\/#organization\"},\"image\":{\"@id\":\"https:\\\/\\\/www.laplatera.es\\\/en\\\/welcome-to-a-world-of-luxury-and-elegance-with-the-aureus-ceramic-collection\\\/#primaryimage\"},\"thumbnailUrl\":\"https:\\\/\\\/www.laplatera.es\\\/wp-content\\\/uploads\\\/2023\\\/03\\\/AMBIENTE_AUREUS-60X120.jpg\",\"articleSection\":[\"Collections\",\"Novelty\"],\"inLanguage\":\"en-US\"},{\"@type\":\"WebPage\",\"@id\":\"https:\\\/\\\/www.laplatera.es\\\/en\\\/welcome-to-a-world-of-luxury-and-elegance-with-the-aureus-ceramic-collection\\\/\",\"url\":\"https:\\\/\\\/www.laplatera.es\\\/en\\\/welcome-to-a-world-of-luxury-and-elegance-with-the-aureus-ceramic-collection\\\/\",\"name\":\"Welcome to a World of Luxury and Elegance with the AUREUS Ceramic Collection!\",\"isPartOf\":{\"@id\":\"https:\\\/\\\/www.laplatera.es\\\/en\\\/#website\"},\"primaryImageOfPage\":{\"@id\":\"https:\\\/\\\/www.laplatera.es\\\/en\\\/welcome-to-a-world-of-luxury-and-elegance-with-the-aureus-ceramic-collection\\\/#primaryimage\"},\"image\":{\"@id\":\"https:\\\/\\\/www.laplatera.es\\\/en\\\/welcome-to-a-world-of-luxury-and-elegance-with-the-aureus-ceramic-collection\\\/#primaryimage\"},\"thumbnailUrl\":\"https:\\\/\\\/www.laplatera.es\\\/wp-content\\\/uploads\\\/2023\\\/03\\\/AMBIENTE_AUREUS-60X120.jpg\",\"datePublished\":\"2023-08-21T09:22:20+00:00\",\"dateModified\":\"2023-08-21T09:22:21+00:00\",\"breadcrumb\":{\"@id\":\"https:\\\/\\\/www.laplatera.es\\\/en\\\/welcome-to-a-world-of-luxury-and-elegance-with-the-aureus-ceramic-collection\\\/#breadcrumb\"},\"inLanguage\":\"en-US\",\"potentialAction\":[{\"@type\":\"ReadAction\",\"target\":[\"https:\\\/\\\/www.laplatera.es\\\/en\\\/welcome-to-a-world-of-luxury-and-elegance-with-the-aureus-ceramic-collection\\\/\"]}]},{\"@type\":\"ImageObject\",\"inLanguage\":\"en-US\",\"@id\":\"https:\\\/\\\/www.laplatera.es\\\/en\\\/welcome-to-a-world-of-luxury-and-elegance-with-the-aureus-ceramic-collection\\\/#primaryimage\",\"url\":\"https:\\\/\\\/www.laplatera.es\\\/wp-content\\\/uploads\\\/2023\\\/03\\\/AMBIENTE_AUREUS-60X120.jpg\",\"contentUrl\":\"https:\\\/\\\/www.laplatera.es\\\/wp-content\\\/uploads\\\/2023\\\/03\\\/AMBIENTE_AUREUS-60X120.jpg\",\"width\":2000,\"height\":1400,\"caption\":\"Ambiente de la colecci\u00f3n Aureus mostrando el Aureus 60x120\"},{\"@type\":\"BreadcrumbList\",\"@id\":\"https:\\\/\\\/www.laplatera.es\\\/en\\\/welcome-to-a-world-of-luxury-and-elegance-with-the-aureus-ceramic-collection\\\/#breadcrumb\",\"itemListElement\":[{\"@type\":\"ListItem\",\"position\":1,\"name\":\"Inicio\",\"item\":\"https:\\\/\\\/www.laplatera.es\\\/en\\\/\"},{\"@type\":\"ListItem\",\"position\":2,\"name\":\"Welcome to a World of Luxury and Elegance with the AUREUS Ceramic Collection!\"}]},{\"@type\":\"WebSite\",\"@id\":\"https:\\\/\\\/www.laplatera.es\\\/en\\\/#website\",\"url\":\"https:\\\/\\\/www.laplatera.es\\\/en\\\/\",\"name\":\"La Platera\",\"description\":\"La Platera, m\u00e1s de 60 a\u00f1os fabricando cer\u00e1mica para vuestros proyectos y hogares.\",\"publisher\":{\"@id\":\"https:\\\/\\\/www.laplatera.es\\\/en\\\/#organization\"},\"potentialAction\":[{\"@type\":\"SearchAction\",\"target\":{\"@type\":\"EntryPoint\",\"urlTemplate\":\"https:\\\/\\\/www.laplatera.es\\\/en\\\/?s={search_term_string}\"},\"query-input\":{\"@type\":\"PropertyValueSpecification\",\"valueRequired\":true,\"valueName\":\"search_term_string\"}}],\"inLanguage\":\"en-US\"},{\"@type\":\"Organization\",\"@id\":\"https:\\\/\\\/www.laplatera.es\\\/en\\\/#organization\",\"name\":\"La Platera S.A.\",\"url\":\"https:\\\/\\\/www.laplatera.es\\\/en\\\/\",\"logo\":{\"@type\":\"ImageObject\",\"inLanguage\":\"en-US\",\"@id\":\"https:\\\/\\\/www.laplatera.es\\\/en\\\/#\\\/schema\\\/logo\\\/image\\\/\",\"url\":\"https:\\\/\\\/www.laplatera.es\\\/wp-content\\\/uploads\\\/2019\\\/11\\\/LA-PLATERA-1.png\",\"contentUrl\":\"https:\\\/\\\/www.laplatera.es\\\/wp-content\\\/uploads\\\/2019\\\/11\\\/LA-PLATERA-1.png\",\"width\":248,\"height\":80,\"caption\":\"La Platera S.A.\"},\"image\":{\"@id\":\"https:\\\/\\\/www.laplatera.es\\\/en\\\/#\\\/schema\\\/logo\\\/image\\\/\"},\"sameAs\":[\"https:\\\/\\\/www.facebook.com\\\/laplatera.es\\\/\",\"https:\\\/\\\/x.com\\\/la_platera\",\"https:\\\/\\\/www.instagram.com\\\/laplatera_ceramica\\\/\",\"https:\\\/\\\/www.linkedin.com\\\/company\\\/la-platera\\\/\",\"https:\\\/\\\/www.pinterest.es\\\/laplatera_es\\\/\",\"https:\\\/\\\/www.youtube.com\\\/channel\\\/UCO4SrLE4LU8_z-aVkLlDU8A\"]},{\"@type\":\"Person\",\"@id\":\"https:\\\/\\\/www.laplatera.es\\\/en\\\/#\\\/schema\\\/person\\\/3b5e854355cf4857d5d0ad1ee0e1c8db\",\"name\":\"Jordi Trilles\",\"image\":{\"@type\":\"ImageObject\",\"inLanguage\":\"en-US\",\"@id\":\"https:\\\/\\\/secure.gravatar.com\\\/avatar\\\/f39806f1d20ab2944bc0360042c4f622714c4c6ceeaa58fe63ebf5b49b57000f?s=96&d=mm&r=g\",\"url\":\"https:\\\/\\\/secure.gravatar.com\\\/avatar\\\/f39806f1d20ab2944bc0360042c4f622714c4c6ceeaa58fe63ebf5b49b57000f?s=96&d=mm&r=g\",\"contentUrl\":\"https:\\\/\\\/secure.gravatar.com\\\/avatar\\\/f39806f1d20ab2944bc0360042c4f622714c4c6ceeaa58fe63ebf5b49b57000f?s=96&d=mm&r=g\",\"caption\":\"Jordi Trilles\"}}]}<\/script>\n<!-- \/ Yoast SEO Premium plugin. -->","yoast_head_json":{"title":"Welcome to a World of Luxury and Elegance with the AUREUS Ceramic Collection!","robots":{"index":"index","follow":"follow","max-snippet":"max-snippet:-1","max-image-preview":"max-image-preview:large","max-video-preview":"max-video-preview:-1"},"canonical":"https:\/\/www.laplatera.es\/en\/welcome-to-a-world-of-luxury-and-elegance-with-the-aureus-ceramic-collection\/","og_locale":"en_US","og_type":"article","og_title":"Welcome to a World of Luxury and Elegance with the AUREUS Ceramic Collection!","og_description":"We invite you to discover the magnificent AUREUS Ceramic Collection, where sophistication and elegance come together to embellish both your interiors and","og_url":"https:\/\/www.laplatera.es\/en\/welcome-to-a-world-of-luxury-and-elegance-with-the-aureus-ceramic-collection\/","og_site_name":"La Platera - Transformamos tus espacios con pavimentos y revestimientos en cer\u00e1mica de alta calidad y dise\u00f1o \u00fanico","article_publisher":"https:\/\/www.facebook.com\/laplatera.es\/","article_published_time":"2023-08-21T09:22:20+00:00","article_modified_time":"2023-08-21T09:22:21+00:00","og_image":[{"width":2000,"height":1400,"url":"https:\/\/www.laplatera.es\/wp-content\/uploads\/2023\/03\/AMBIENTE_AUREUS-60X120.jpg","type":"image\/jpeg"}],"author":"Jordi Trilles","twitter_card":"summary_large_image","twitter_creator":"@la_platera","twitter_site":"@la_platera","twitter_misc":{"Written by":"Jordi Trilles","Est. reading time":"2 minutes"},"schema":{"@context":"https:\/\/schema.org","@graph":[{"@type":"Article","@id":"https:\/\/www.laplatera.es\/en\/welcome-to-a-world-of-luxury-and-elegance-with-the-aureus-ceramic-collection\/#article","isPartOf":{"@id":"https:\/\/www.laplatera.es\/en\/welcome-to-a-world-of-luxury-and-elegance-with-the-aureus-ceramic-collection\/"},"author":{"name":"Jordi Trilles","@id":"https:\/\/www.laplatera.es\/en\/#\/schema\/person\/3b5e854355cf4857d5d0ad1ee0e1c8db"},"headline":"Welcome to a World of Luxury and Elegance with the AUREUS Ceramic Collection!","datePublished":"2023-08-21T09:22:20+00:00","dateModified":"2023-08-21T09:22:21+00:00","mainEntityOfPage":{"@id":"https:\/\/www.laplatera.es\/en\/welcome-to-a-world-of-luxury-and-elegance-with-the-aureus-ceramic-collection\/"},"wordCount":428,"publisher":{"@id":"https:\/\/www.laplatera.es\/en\/#organization"},"image":{"@id":"https:\/\/www.laplatera.es\/en\/welcome-to-a-world-of-luxury-and-elegance-with-the-aureus-ceramic-collection\/#primaryimage"},"thumbnailUrl":"https:\/\/www.laplatera.es\/wp-content\/uploads\/2023\/03\/AMBIENTE_AUREUS-60X120.jpg","articleSection":["Collections","Novelty"],"inLanguage":"en-US"},{"@type":"WebPage","@id":"https:\/\/www.laplatera.es\/en\/welcome-to-a-world-of-luxury-and-elegance-with-the-aureus-ceramic-collection\/","url":"https:\/\/www.laplatera.es\/en\/welcome-to-a-world-of-luxury-and-elegance-with-the-aureus-ceramic-collection\/","name":"Welcome to a World of Luxury and Elegance with the AUREUS Ceramic Collection!","isPartOf":{"@id":"https:\/\/www.laplatera.es\/en\/#website"},"primaryImageOfPage":{"@id":"https:\/\/www.laplatera.es\/en\/welcome-to-a-world-of-luxury-and-elegance-with-the-aureus-ceramic-collection\/#primaryimage"},"image":{"@id":"https:\/\/www.laplatera.es\/en\/welcome-to-a-world-of-luxury-and-elegance-with-the-aureus-ceramic-collection\/#primaryimage"},"thumbnailUrl":"https:\/\/www.laplatera.es\/wp-content\/uploads\/2023\/03\/AMBIENTE_AUREUS-60X120.jpg","datePublished":"2023-08-21T09:22:20+00:00","dateModified":"2023-08-21T09:22:21+00:00","breadcrumb":{"@id":"https:\/\/www.laplatera.es\/en\/welcome-to-a-world-of-luxury-and-elegance-with-the-aureus-ceramic-collection\/#breadcrumb"},"inLanguage":"en-US","potentialAction":[{"@type":"ReadAction","target":["https:\/\/www.laplatera.es\/en\/welcome-to-a-world-of-luxury-and-elegance-with-the-aureus-ceramic-collection\/"]}]},{"@type":"ImageObject","inLanguage":"en-US","@id":"https:\/\/www.laplatera.es\/en\/welcome-to-a-world-of-luxury-and-elegance-with-the-aureus-ceramic-collection\/#primaryimage","url":"https:\/\/www.laplatera.es\/wp-content\/uploads\/2023\/03\/AMBIENTE_AUREUS-60X120.jpg","contentUrl":"https:\/\/www.laplatera.es\/wp-content\/uploads\/2023\/03\/AMBIENTE_AUREUS-60X120.jpg","width":2000,"height":1400,"caption":"Ambiente de la colecci\u00f3n Aureus mostrando el Aureus 60x120"},{"@type":"BreadcrumbList","@id":"https:\/\/www.laplatera.es\/en\/welcome-to-a-world-of-luxury-and-elegance-with-the-aureus-ceramic-collection\/#breadcrumb","itemListElement":[{"@type":"ListItem","position":1,"name":"Inicio","item":"https:\/\/www.laplatera.es\/en\/"},{"@type":"ListItem","position":2,"name":"Welcome to a World of Luxury and Elegance with the AUREUS Ceramic Collection!"}]},{"@type":"WebSite","@id":"https:\/\/www.laplatera.es\/en\/#website","url":"https:\/\/www.laplatera.es\/en\/","name":"La Platera","description":"La Platera, m\u00e1s de 60 a\u00f1os fabricando cer\u00e1mica para vuestros proyectos y hogares.","publisher":{"@id":"https:\/\/www.laplatera.es\/en\/#organization"},"potentialAction":[{"@type":"SearchAction","target":{"@type":"EntryPoint","urlTemplate":"https:\/\/www.laplatera.es\/en\/?s={search_term_string}"},"query-input":{"@type":"PropertyValueSpecification","valueRequired":true,"valueName":"search_term_string"}}],"inLanguage":"en-US"},{"@type":"Organization","@id":"https:\/\/www.laplatera.es\/en\/#organization","name":"La Platera S.A.","url":"https:\/\/www.laplatera.es\/en\/","logo":{"@type":"ImageObject","inLanguage":"en-US","@id":"https:\/\/www.laplatera.es\/en\/#\/schema\/logo\/image\/","url":"https:\/\/www.laplatera.es\/wp-content\/uploads\/2019\/11\/LA-PLATERA-1.png","contentUrl":"https:\/\/www.laplatera.es\/wp-content\/uploads\/2019\/11\/LA-PLATERA-1.png","width":248,"height":80,"caption":"La Platera S.A."},"image":{"@id":"https:\/\/www.laplatera.es\/en\/#\/schema\/logo\/image\/"},"sameAs":["https:\/\/www.facebook.com\/laplatera.es\/","https:\/\/x.com\/la_platera","https:\/\/www.instagram.com\/laplatera_ceramica\/","https:\/\/www.linkedin.com\/company\/la-platera\/","https:\/\/www.pinterest.es\/laplatera_es\/","https:\/\/www.youtube.com\/channel\/UCO4SrLE4LU8_z-aVkLlDU8A"]},{"@type":"Person","@id":"https:\/\/www.laplatera.es\/en\/#\/schema\/person\/3b5e854355cf4857d5d0ad1ee0e1c8db","name":"Jordi Trilles","image":{"@type":"ImageObject","inLanguage":"en-US","@id":"https:\/\/secure.gravatar.com\/avatar\/f39806f1d20ab2944bc0360042c4f622714c4c6ceeaa58fe63ebf5b49b57000f?s=96&d=mm&r=g","url":"https:\/\/secure.gravatar.com\/avatar\/f39806f1d20ab2944bc0360042c4f622714c4c6ceeaa58fe63ebf5b49b57000f?s=96&d=mm&r=g","contentUrl":"https:\/\/secure.gravatar.com\/avatar\/f39806f1d20ab2944bc0360042c4f622714c4c6ceeaa58fe63ebf5b49b57000f?s=96&d=mm&r=g","caption":"Jordi Trilles"}}]}},"_links":{"self":[{"href":"https:\/\/www.laplatera.es\/en\/wp-json\/wp\/v2\/posts\/31374","targetHints":{"allow":["GET"]}}],"collection":[{"href":"https:\/\/www.laplatera.es\/en\/wp-json\/wp\/v2\/posts"}],"about":[{"href":"https:\/\/www.laplatera.es\/en\/wp-json\/wp\/v2\/types\/post"}],"author":[{"embeddable":true,"href":"https:\/\/www.laplatera.es\/en\/wp-json\/wp\/v2\/users\/1"}],"replies":[{"embeddable":true,"href":"https:\/\/www.laplatera.es\/en\/wp-json\/wp\/v2\/comments?post=31374"}],"version-history":[{"count":0,"href":"https:\/\/www.laplatera.es\/en\/wp-json\/wp\/v2\/posts\/31374\/revisions"}],"wp:featuredmedia":[{"embeddable":true,"href":"https:\/\/www.laplatera.es\/en\/wp-json\/wp\/v2\/media\/29542"}],"wp:attachment":[{"href":"https:\/\/www.laplatera.es\/en\/wp-json\/wp\/v2\/media?parent=31374"}],"wp:term":[{"taxonomy":"category","embeddable":true,"href":"https:\/\/www.laplatera.es\/en\/wp-json\/wp\/v2\/categories?post=31374"},{"taxonomy":"post_tag","embeddable":true,"href":"https:\/\/www.laplatera.es\/en\/wp-json\/wp\/v2\/tags?post=31374"}],"curies":[{"name":"wp","href":"https:\/\/api.w.org\/{rel}","templated":true}]}}