{"id":14831,"date":"2020-07-22T11:32:55","date_gmt":"2020-07-22T09:32:55","guid":{"rendered":"https:\/\/www.laplatera.es\/2020\/09\/18\/discovering-the-beauty-of-the-wood-with-the-forest-collection-2\/"},"modified":"2020-09-18T10:00:01","modified_gmt":"2020-09-18T08:00:01","slug":"discovering-the-beauty-of-the-wood-with-the-forest-collection","status":"publish","type":"post","link":"https:\/\/www.laplatera.es\/en\/discovering-the-beauty-of-the-wood-with-the-forest-collection\/","title":{"rendered":"Discovering the beauty of the wood with the Forest Collection"},"content":{"rendered":"\n<h2 class=\"has-text-align-center wp-block-heading\">It creates a warmth environment, comfort and a cozy space with all the benefits of the porcelain.<\/h2>\n\n<p class=\"wp-block-paragraph\">Wood is a natural material that stays alive in our forests, mountains &#8230; ultimately, in our great home, our planet Earth.<\/p>\n\n<p class=\"wp-block-paragraph\">Even though, we all live in the same nature, we each build our own home and one of the quintessential materials used to build it is wood.<\/p>\n\n<p class=\"wp-block-paragraph\">And what type of wood will we use? Does it need maintenance? Will it deteriorate over the years?  <\/p>\n\n<p class=\"wp-block-paragraph\">All these questions are the ones we ask ourselves when using natural wood in our home, but can we achieve the same finish on a porcelain wood look?<\/p>\n\n<p class=\"wp-block-paragraph\">The porcelain manufacturing process allows the achievement of any design, and of course, also that of woods. In addition, the porcelain does not require of any surface maintenance, does not suffers color fade over the years, has no moisture problems and does not scratch easily. <\/p>\n\n<p class=\"wp-block-paragraph\">La Platera has created the <a href=\"\/en\/?page_id=510\">FOREST<\/a> series, a collection that simulates oak wood with a sharp marked veins and knots design. Applying the <g id=\"gid_1\">D-Line<\/g> technology that allows us to engrave its veins as in natural wood, giving it a real feeling when it comes to touching the product. <\/p>\n\n<p class=\"wp-block-paragraph\">It is available in 6 colors: <a href=\"\/en\/?page_id=2134\">White<\/a>, <a href=\"\/en\/?page_id=2135\">Gray<\/a>, <a href=\"\/en\/?page_id=2136\">Graphite<\/a>, <a href=\"\/en\/?page_id=2132\">Beech<\/a>, <a href=\"\/en\/?page_id=1088\">Natural<\/a> and <a href=\"\/en\/?page_id=2133\">Walnut<\/a>; with which you can use the most suitable color for your project.<\/p>\n\n<p class=\"wp-block-paragraph\">With an oblong format in <a href=\"https:\/\/www.laplatera.es\/en\/product-search\/?fwp_formato_en=17x114&#038;fwp_coleccion_en=forest\">17&#215;114<\/a> cm plank, perfect to simulate a natural wood floorboards.<\/p>\n\n<p class=\"wp-block-paragraph\">And if we need a slip resistant floor, the collection offers the <a href=\"\/en\/?page_id=2131\">Forest Natural ADL 17&#215;114<\/a>, perfect for toilets or outdoors.<\/p>\n\n<p class=\"wp-block-paragraph\">A herringbone <a href=\"https:\/\/www.laplatera.es\/en\/product-search\/?fwp_complemento_en=mosaic&#038;fwp_coleccion_en=forest\">mosaic<\/a> it is also available in all colors, for kitchen backsplash or showers.<\/p>\n\n<figure class=\"wp-block-gallery columns-3 is-cropped wp-block-gallery-1 is-layout-flex wp-block-gallery-is-layout-flex\"><ul class=\"blocks-gallery-grid\"><li class=\"blocks-gallery-item\"><figure><a href=\"https:\/\/www.laplatera.es\/wp-content\/uploads\/2020\/03\/AMBIENTE_FOREST-GREY-RIBBON-35X90_04.jpg\"><img fetchpriority=\"high\" decoding=\"async\" width=\"1024\" height=\"717\" src=\"https:\/\/www.laplatera.es\/wp-content\/uploads\/2020\/03\/AMBIENTE_FOREST-GREY-RIBBON-35X90_04-1024x717.jpg\" alt=\"\" data-id=\"5042\" data-full-url=\"https:\/\/www.laplatera.es\/wp-content\/uploads\/2020\/03\/AMBIENTE_FOREST-GREY-RIBBON-35X90_04.jpg\" data-link=\"https:\/\/www.laplatera.es\/colecciones\/saten\/saten-blanco\/saten-blanco-35x90\/ambiente_forest-grey-ribbon-35x90_04\/\" class=\"wp-image-11420\" srcset=\"https:\/\/www.laplatera.es\/wp-content\/uploads\/2020\/03\/AMBIENTE_FOREST-GREY-RIBBON-35X90_04-1024x717.jpg 1024w, https:\/\/www.laplatera.es\/wp-content\/uploads\/2020\/03\/AMBIENTE_FOREST-GREY-RIBBON-35X90_04-300x210.jpg 300w, https:\/\/www.laplatera.es\/wp-content\/uploads\/2020\/03\/AMBIENTE_FOREST-GREY-RIBBON-35X90_04-768x538.jpg 768w, https:\/\/www.laplatera.es\/wp-content\/uploads\/2020\/03\/AMBIENTE_FOREST-GREY-RIBBON-35X90_04-500x350.jpg 500w, https:\/\/www.laplatera.es\/wp-content\/uploads\/2020\/03\/AMBIENTE_FOREST-GREY-RIBBON-35X90_04-800x560.jpg 800w, https:\/\/www.laplatera.es\/wp-content\/uploads\/2020\/03\/AMBIENTE_FOREST-GREY-RIBBON-35X90_04.jpg 1200w\" sizes=\"(max-width: 1024px) 100vw, 1024px\" \/><\/a><\/figure><\/li><li class=\"blocks-gallery-item\"><figure><a href=\"https:\/\/www.laplatera.es\/wp-content\/uploads\/2020\/03\/AMBIENTE_FOREST-GREY-RIBBON-35X90_03.jpg\"><img decoding=\"async\" width=\"1024\" height=\"717\" src=\"https:\/\/www.laplatera.es\/wp-content\/uploads\/2020\/03\/AMBIENTE_FOREST-GREY-RIBBON-35X90_03-1024x717.jpg\" alt=\"\" data-id=\"5041\" data-full-url=\"https:\/\/www.laplatera.es\/wp-content\/uploads\/2020\/03\/AMBIENTE_FOREST-GREY-RIBBON-35X90_03.jpg\" data-link=\"https:\/\/www.laplatera.es\/colecciones\/saten\/saten-blanco\/saten-blanco-35x90\/ambiente_forest-grey-ribbon-35x90_03\/\" class=\"wp-image-11418\" srcset=\"https:\/\/www.laplatera.es\/wp-content\/uploads\/2020\/03\/AMBIENTE_FOREST-GREY-RIBBON-35X90_03-1024x717.jpg 1024w, https:\/\/www.laplatera.es\/wp-content\/uploads\/2020\/03\/AMBIENTE_FOREST-GREY-RIBBON-35X90_03-300x210.jpg 300w, https:\/\/www.laplatera.es\/wp-content\/uploads\/2020\/03\/AMBIENTE_FOREST-GREY-RIBBON-35X90_03-768x538.jpg 768w, https:\/\/www.laplatera.es\/wp-content\/uploads\/2020\/03\/AMBIENTE_FOREST-GREY-RIBBON-35X90_03-500x350.jpg 500w, https:\/\/www.laplatera.es\/wp-content\/uploads\/2020\/03\/AMBIENTE_FOREST-GREY-RIBBON-35X90_03-800x560.jpg 800w, https:\/\/www.laplatera.es\/wp-content\/uploads\/2020\/03\/AMBIENTE_FOREST-GREY-RIBBON-35X90_03.jpg 1200w\" sizes=\"(max-width: 1024px) 100vw, 1024px\" \/><\/a><\/figure><\/li><li class=\"blocks-gallery-item\"><figure><a href=\"https:\/\/www.laplatera.es\/wp-content\/uploads\/2020\/03\/AMBIENTE_FOREST-GREY-RIBBON-35X90_02.jpg\"><img decoding=\"async\" width=\"1024\" height=\"717\" src=\"https:\/\/www.laplatera.es\/wp-content\/uploads\/2020\/03\/AMBIENTE_FOREST-GREY-RIBBON-35X90_02-1024x717.jpg\" alt=\"\" data-id=\"5040\" data-full-url=\"https:\/\/www.laplatera.es\/wp-content\/uploads\/2020\/03\/AMBIENTE_FOREST-GREY-RIBBON-35X90_02.jpg\" data-link=\"https:\/\/www.laplatera.es\/colecciones\/saten\/saten-blanco\/saten-blanco-35x90\/ambiente_forest-grey-ribbon-35x90_02\/\" class=\"wp-image-11416\" srcset=\"https:\/\/www.laplatera.es\/wp-content\/uploads\/2020\/03\/AMBIENTE_FOREST-GREY-RIBBON-35X90_02-1024x717.jpg 1024w, https:\/\/www.laplatera.es\/wp-content\/uploads\/2020\/03\/AMBIENTE_FOREST-GREY-RIBBON-35X90_02-300x210.jpg 300w, https:\/\/www.laplatera.es\/wp-content\/uploads\/2020\/03\/AMBIENTE_FOREST-GREY-RIBBON-35X90_02-768x538.jpg 768w, https:\/\/www.laplatera.es\/wp-content\/uploads\/2020\/03\/AMBIENTE_FOREST-GREY-RIBBON-35X90_02-500x350.jpg 500w, https:\/\/www.laplatera.es\/wp-content\/uploads\/2020\/03\/AMBIENTE_FOREST-GREY-RIBBON-35X90_02-800x560.jpg 800w, https:\/\/www.laplatera.es\/wp-content\/uploads\/2020\/03\/AMBIENTE_FOREST-GREY-RIBBON-35X90_02.jpg 1200w\" sizes=\"(max-width: 1024px) 100vw, 1024px\" \/><\/a><\/figure><\/li><li class=\"blocks-gallery-item\"><figure><a href=\"https:\/\/www.laplatera.es\/wp-content\/uploads\/2020\/02\/AMBIENTE_FOREST-GRAFITO-17X114.jpg\"><img loading=\"lazy\" decoding=\"async\" width=\"1024\" height=\"717\" src=\"https:\/\/www.laplatera.es\/wp-content\/uploads\/2020\/02\/AMBIENTE_FOREST-GRAFITO-17X114-1024x717.jpg\" alt=\"\" data-id=\"2078\" data-full-url=\"https:\/\/www.laplatera.es\/wp-content\/uploads\/2020\/02\/AMBIENTE_FOREST-GRAFITO-17X114.jpg\" data-link=\"https:\/\/www.laplatera.es\/colecciones\/forest\/forest-natural-17x114\/ambiente_forest-grafito-17x114-3\/\" class=\"wp-image-6828\" srcset=\"https:\/\/www.laplatera.es\/wp-content\/uploads\/2020\/02\/AMBIENTE_FOREST-GRAFITO-17X114-1024x717.jpg 1024w, https:\/\/www.laplatera.es\/wp-content\/uploads\/2020\/02\/AMBIENTE_FOREST-GRAFITO-17X114-300x210.jpg 300w, https:\/\/www.laplatera.es\/wp-content\/uploads\/2020\/02\/AMBIENTE_FOREST-GRAFITO-17X114-768x538.jpg 768w, https:\/\/www.laplatera.es\/wp-content\/uploads\/2020\/02\/AMBIENTE_FOREST-GRAFITO-17X114-1536x1075.jpg 1536w, https:\/\/www.laplatera.es\/wp-content\/uploads\/2020\/02\/AMBIENTE_FOREST-GRAFITO-17X114.jpg 2000w\" sizes=\"(max-width: 1024px) 100vw, 1024px\" \/><\/a><\/figure><\/li><li class=\"blocks-gallery-item\"><figure><a href=\"https:\/\/www.laplatera.es\/wp-content\/uploads\/2020\/02\/DETALLE_FOREST-NOGAL-17X114.jpg\"><img loading=\"lazy\" decoding=\"async\" width=\"683\" height=\"1024\" src=\"https:\/\/www.laplatera.es\/wp-content\/uploads\/2020\/02\/DETALLE_FOREST-NOGAL-17X114-683x1024.jpg\" alt=\"\" data-id=\"2085\" data-full-url=\"https:\/\/www.laplatera.es\/wp-content\/uploads\/2020\/02\/DETALLE_FOREST-NOGAL-17X114.jpg\" data-link=\"https:\/\/www.laplatera.es\/colecciones\/forest\/forest-natural-17x114\/detalle_forest-nogal-17x114-2\/\" class=\"wp-image-9018\" srcset=\"https:\/\/www.laplatera.es\/wp-content\/uploads\/2020\/02\/DETALLE_FOREST-NOGAL-17X114-683x1024.jpg 683w, https:\/\/www.laplatera.es\/wp-content\/uploads\/2020\/02\/DETALLE_FOREST-NOGAL-17X114-200x300.jpg 200w, https:\/\/www.laplatera.es\/wp-content\/uploads\/2020\/02\/DETALLE_FOREST-NOGAL-17X114-768x1151.jpg 768w, https:\/\/www.laplatera.es\/wp-content\/uploads\/2020\/02\/DETALLE_FOREST-NOGAL-17X114.jpg 934w\" sizes=\"(max-width: 683px) 100vw, 683px\" \/><\/a><\/figure><\/li><li class=\"blocks-gallery-item\"><figure><a href=\"https:\/\/www.laplatera.es\/wp-content\/uploads\/2020\/02\/DETALLE_FOREST-GRAFITO-17X114.jpg\"><img loading=\"lazy\" decoding=\"async\" width=\"682\" height=\"1024\" src=\"https:\/\/www.laplatera.es\/wp-content\/uploads\/2020\/02\/DETALLE_FOREST-GRAFITO-17X114-682x1024.jpg\" alt=\"\" data-id=\"2083\" data-full-url=\"https:\/\/www.laplatera.es\/wp-content\/uploads\/2020\/02\/DETALLE_FOREST-GRAFITO-17X114.jpg\" data-link=\"https:\/\/www.laplatera.es\/colecciones\/forest\/forest-natural-17x114\/detalle_forest-grafito-17x114-2\/\" class=\"wp-image-9024\" srcset=\"https:\/\/www.laplatera.es\/wp-content\/uploads\/2020\/02\/DETALLE_FOREST-GRAFITO-17X114-682x1024.jpg 682w, https:\/\/www.laplatera.es\/wp-content\/uploads\/2020\/02\/DETALLE_FOREST-GRAFITO-17X114-200x300.jpg 200w, https:\/\/www.laplatera.es\/wp-content\/uploads\/2020\/02\/DETALLE_FOREST-GRAFITO-17X114-768x1152.jpg 768w, https:\/\/www.laplatera.es\/wp-content\/uploads\/2020\/02\/DETALLE_FOREST-GRAFITO-17X114.jpg 933w\" sizes=\"(max-width: 682px) 100vw, 682px\" \/><\/a><\/figure><\/li><li class=\"blocks-gallery-item\"><figure><a href=\"https:\/\/www.laplatera.es\/wp-content\/uploads\/2020\/03\/AMBIENTE_METAL-SILVER-35X90_02.jpg\"><img loading=\"lazy\" decoding=\"async\" width=\"819\" height=\"1024\" src=\"https:\/\/www.laplatera.es\/wp-content\/uploads\/2020\/03\/AMBIENTE_METAL-SILVER-35X90_02-819x1024.jpg\" alt=\"\" data-id=\"6122\" data-full-url=\"https:\/\/www.laplatera.es\/wp-content\/uploads\/2020\/03\/AMBIENTE_METAL-SILVER-35X90_02.jpg\" data-link=\"https:\/\/www.laplatera.es\/?attachment_id=6122\" class=\"wp-image-13492\" srcset=\"https:\/\/www.laplatera.es\/wp-content\/uploads\/2020\/03\/AMBIENTE_METAL-SILVER-35X90_02-819x1024.jpg 819w, https:\/\/www.laplatera.es\/wp-content\/uploads\/2020\/03\/AMBIENTE_METAL-SILVER-35X90_02-240x300.jpg 240w, https:\/\/www.laplatera.es\/wp-content\/uploads\/2020\/03\/AMBIENTE_METAL-SILVER-35X90_02-768x960.jpg 768w, https:\/\/www.laplatera.es\/wp-content\/uploads\/2020\/03\/AMBIENTE_METAL-SILVER-35X90_02-400x500.jpg 400w, https:\/\/www.laplatera.es\/wp-content\/uploads\/2020\/03\/AMBIENTE_METAL-SILVER-35X90_02-640x800.jpg 640w, https:\/\/www.laplatera.es\/wp-content\/uploads\/2020\/03\/AMBIENTE_METAL-SILVER-35X90_02-1024x1280.jpg 1024w, https:\/\/www.laplatera.es\/wp-content\/uploads\/2020\/03\/AMBIENTE_METAL-SILVER-35X90_02-1536x1920.jpg 1536w, https:\/\/www.laplatera.es\/wp-content\/uploads\/2020\/03\/AMBIENTE_METAL-SILVER-35X90_02-1229x1536.jpg 1229w, https:\/\/www.laplatera.es\/wp-content\/uploads\/2020\/03\/AMBIENTE_METAL-SILVER-35X90_02.jpg 1600w\" sizes=\"(max-width: 819px) 100vw, 819px\" \/><\/a><\/figure><\/li><li class=\"blocks-gallery-item\"><figure><a href=\"https:\/\/www.laplatera.es\/wp-content\/uploads\/2020\/03\/AMBIENTE_METAL-SILVER-35X90.jpg\"><img loading=\"lazy\" decoding=\"async\" width=\"819\" height=\"1024\" src=\"https:\/\/www.laplatera.es\/wp-content\/uploads\/2020\/03\/AMBIENTE_METAL-SILVER-35X90-819x1024.jpg\" alt=\"\" data-id=\"6121\" data-full-url=\"https:\/\/www.laplatera.es\/wp-content\/uploads\/2020\/03\/AMBIENTE_METAL-SILVER-35X90.jpg\" data-link=\"https:\/\/www.laplatera.es\/?attachment_id=6121\" class=\"wp-image-13498\" srcset=\"https:\/\/www.laplatera.es\/wp-content\/uploads\/2020\/03\/AMBIENTE_METAL-SILVER-35X90-819x1024.jpg 819w, https:\/\/www.laplatera.es\/wp-content\/uploads\/2020\/03\/AMBIENTE_METAL-SILVER-35X90-240x300.jpg 240w, https:\/\/www.laplatera.es\/wp-content\/uploads\/2020\/03\/AMBIENTE_METAL-SILVER-35X90-768x961.jpg 768w, https:\/\/www.laplatera.es\/wp-content\/uploads\/2020\/03\/AMBIENTE_METAL-SILVER-35X90-400x500.jpg 400w, https:\/\/www.laplatera.es\/wp-content\/uploads\/2020\/03\/AMBIENTE_METAL-SILVER-35X90-640x800.jpg 640w, https:\/\/www.laplatera.es\/wp-content\/uploads\/2020\/03\/AMBIENTE_METAL-SILVER-35X90-1023x1280.jpg 1023w, https:\/\/www.laplatera.es\/wp-content\/uploads\/2020\/03\/AMBIENTE_METAL-SILVER-35X90-1535x1920.jpg 1535w, https:\/\/www.laplatera.es\/wp-content\/uploads\/2020\/03\/AMBIENTE_METAL-SILVER-35X90-1228x1536.jpg 1228w, https:\/\/www.laplatera.es\/wp-content\/uploads\/2020\/03\/AMBIENTE_METAL-SILVER-35X90.jpg 1599w\" sizes=\"(max-width: 819px) 100vw, 819px\" \/><\/a><\/figure><\/li><li class=\"blocks-gallery-item\"><figure><a href=\"https:\/\/www.laplatera.es\/wp-content\/uploads\/2020\/02\/AMBIENTE_FOREST-GRIS-17X114.jpg\"><img loading=\"lazy\" decoding=\"async\" width=\"1024\" height=\"717\" src=\"https:\/\/www.laplatera.es\/wp-content\/uploads\/2020\/02\/AMBIENTE_FOREST-GRIS-17X114-1024x717.jpg\" alt=\"\" data-id=\"2079\" data-full-url=\"https:\/\/www.laplatera.es\/wp-content\/uploads\/2020\/02\/AMBIENTE_FOREST-GRIS-17X114.jpg\" data-link=\"https:\/\/www.laplatera.es\/colecciones\/forest\/forest-natural-17x114\/ambiente_forest-gris-17x114-2\/\" class=\"wp-image-6831\" srcset=\"https:\/\/www.laplatera.es\/wp-content\/uploads\/2020\/02\/AMBIENTE_FOREST-GRIS-17X114-1024x717.jpg 1024w, https:\/\/www.laplatera.es\/wp-content\/uploads\/2020\/02\/AMBIENTE_FOREST-GRIS-17X114-300x210.jpg 300w, https:\/\/www.laplatera.es\/wp-content\/uploads\/2020\/02\/AMBIENTE_FOREST-GRIS-17X114-768x538.jpg 768w, https:\/\/www.laplatera.es\/wp-content\/uploads\/2020\/02\/AMBIENTE_FOREST-GRIS-17X114-1536x1076.jpg 1536w, https:\/\/www.laplatera.es\/wp-content\/uploads\/2020\/02\/AMBIENTE_FOREST-GRIS-17X114.jpg 1999w\" sizes=\"(max-width: 1024px) 100vw, 1024px\" \/><\/a><\/figure><\/li><li class=\"blocks-gallery-item\"><figure><a href=\"https:\/\/www.laplatera.es\/wp-content\/uploads\/2020\/02\/AMBIENTE_FOREST-NATURAL-17X114_03.jpg\"><img loading=\"lazy\" decoding=\"async\" width=\"1024\" height=\"717\" src=\"https:\/\/www.laplatera.es\/wp-content\/uploads\/2020\/02\/AMBIENTE_FOREST-NATURAL-17X114_03-1024x717.jpg\" alt=\"\" data-id=\"2081\" data-full-url=\"https:\/\/www.laplatera.es\/wp-content\/uploads\/2020\/02\/AMBIENTE_FOREST-NATURAL-17X114_03.jpg\" data-link=\"https:\/\/www.laplatera.es\/colecciones\/forest\/forest-natural-17x114\/ambiente_forest-natural-17x114_03-2\/\" class=\"wp-image-6837\" srcset=\"https:\/\/www.laplatera.es\/wp-content\/uploads\/2020\/02\/AMBIENTE_FOREST-NATURAL-17X114_03-1024x717.jpg 1024w, https:\/\/www.laplatera.es\/wp-content\/uploads\/2020\/02\/AMBIENTE_FOREST-NATURAL-17X114_03-300x210.jpg 300w, https:\/\/www.laplatera.es\/wp-content\/uploads\/2020\/02\/AMBIENTE_FOREST-NATURAL-17X114_03-768x538.jpg 768w, https:\/\/www.laplatera.es\/wp-content\/uploads\/2020\/02\/AMBIENTE_FOREST-NATURAL-17X114_03-1536x1075.jpg 1536w, https:\/\/www.laplatera.es\/wp-content\/uploads\/2020\/02\/AMBIENTE_FOREST-NATURAL-17X114_03.jpg 2000w\" sizes=\"(max-width: 1024px) 100vw, 1024px\" \/><\/a><\/figure><\/li><li class=\"blocks-gallery-item\"><figure><a href=\"https:\/\/www.laplatera.es\/wp-content\/uploads\/2020\/03\/AMBIENTE_SATEN-BLANCO-35X90.jpg\"><img loading=\"lazy\" decoding=\"async\" width=\"1024\" height=\"652\" src=\"https:\/\/www.laplatera.es\/wp-content\/uploads\/2020\/03\/AMBIENTE_SATEN-BLANCO-35X90-1024x652.jpg\" alt=\"\" data-id=\"5046\" data-full-url=\"https:\/\/www.laplatera.es\/wp-content\/uploads\/2020\/03\/AMBIENTE_SATEN-BLANCO-35X90.jpg\" data-link=\"https:\/\/www.laplatera.es\/colecciones\/saten\/saten-blanco\/saten-blanco-35x90\/ambiente_saten-blanco-35x90-2\/\" class=\"wp-image-11428\" srcset=\"https:\/\/www.laplatera.es\/wp-content\/uploads\/2020\/03\/AMBIENTE_SATEN-BLANCO-35X90-1024x652.jpg 1024w, https:\/\/www.laplatera.es\/wp-content\/uploads\/2020\/03\/AMBIENTE_SATEN-BLANCO-35X90-300x191.jpg 300w, https:\/\/www.laplatera.es\/wp-content\/uploads\/2020\/03\/AMBIENTE_SATEN-BLANCO-35X90-768x489.jpg 768w, https:\/\/www.laplatera.es\/wp-content\/uploads\/2020\/03\/AMBIENTE_SATEN-BLANCO-35X90-500x318.jpg 500w, https:\/\/www.laplatera.es\/wp-content\/uploads\/2020\/03\/AMBIENTE_SATEN-BLANCO-35X90-800x509.jpg 800w, https:\/\/www.laplatera.es\/wp-content\/uploads\/2020\/03\/AMBIENTE_SATEN-BLANCO-35X90.jpg 1200w\" sizes=\"(max-width: 1024px) 100vw, 1024px\" \/><\/a><\/figure><\/li><li class=\"blocks-gallery-item\"><figure><a href=\"https:\/\/www.laplatera.es\/wp-content\/uploads\/2020\/03\/AMBIENTE_SATEN-BLANCO-35X90_03.jpg\"><img loading=\"lazy\" decoding=\"async\" width=\"1024\" height=\"652\" src=\"https:\/\/www.laplatera.es\/wp-content\/uploads\/2020\/03\/AMBIENTE_SATEN-BLANCO-35X90_03-1024x652.jpg\" alt=\"\" data-id=\"5045\" data-full-url=\"https:\/\/www.laplatera.es\/wp-content\/uploads\/2020\/03\/AMBIENTE_SATEN-BLANCO-35X90_03.jpg\" data-link=\"https:\/\/www.laplatera.es\/colecciones\/saten\/saten-blanco\/saten-blanco-35x90\/ambiente_saten-blanco-35x90_03-2\/\" class=\"wp-image-11426\" srcset=\"https:\/\/www.laplatera.es\/wp-content\/uploads\/2020\/03\/AMBIENTE_SATEN-BLANCO-35X90_03-1024x652.jpg 1024w, https:\/\/www.laplatera.es\/wp-content\/uploads\/2020\/03\/AMBIENTE_SATEN-BLANCO-35X90_03-300x191.jpg 300w, https:\/\/www.laplatera.es\/wp-content\/uploads\/2020\/03\/AMBIENTE_SATEN-BLANCO-35X90_03-768x489.jpg 768w, https:\/\/www.laplatera.es\/wp-content\/uploads\/2020\/03\/AMBIENTE_SATEN-BLANCO-35X90_03-500x318.jpg 500w, https:\/\/www.laplatera.es\/wp-content\/uploads\/2020\/03\/AMBIENTE_SATEN-BLANCO-35X90_03-800x509.jpg 800w, https:\/\/www.laplatera.es\/wp-content\/uploads\/2020\/03\/AMBIENTE_SATEN-BLANCO-35X90_03.jpg 1200w\" sizes=\"(max-width: 1024px) 100vw, 1024px\" \/><\/a><\/figure><\/li><li class=\"blocks-gallery-item\"><figure><a href=\"https:\/\/www.laplatera.es\/wp-content\/uploads\/2020\/03\/AMBIENTE_SATEN-BLANCO-35X90_02.jpg\"><img loading=\"lazy\" decoding=\"async\" width=\"1024\" height=\"651\" src=\"https:\/\/www.laplatera.es\/wp-content\/uploads\/2020\/03\/AMBIENTE_SATEN-BLANCO-35X90_02-1024x651.jpg\" alt=\"\" data-id=\"5044\" data-full-url=\"https:\/\/www.laplatera.es\/wp-content\/uploads\/2020\/03\/AMBIENTE_SATEN-BLANCO-35X90_02.jpg\" data-link=\"https:\/\/www.laplatera.es\/colecciones\/saten\/saten-blanco\/saten-blanco-35x90\/ambiente_saten-blanco-35x90_02-2\/\" class=\"wp-image-11424\" srcset=\"https:\/\/www.laplatera.es\/wp-content\/uploads\/2020\/03\/AMBIENTE_SATEN-BLANCO-35X90_02-1024x651.jpg 1024w, https:\/\/www.laplatera.es\/wp-content\/uploads\/2020\/03\/AMBIENTE_SATEN-BLANCO-35X90_02-300x191.jpg 300w, https:\/\/www.laplatera.es\/wp-content\/uploads\/2020\/03\/AMBIENTE_SATEN-BLANCO-35X90_02-768x488.jpg 768w, https:\/\/www.laplatera.es\/wp-content\/uploads\/2020\/03\/AMBIENTE_SATEN-BLANCO-35X90_02-500x318.jpg 500w, https:\/\/www.laplatera.es\/wp-content\/uploads\/2020\/03\/AMBIENTE_SATEN-BLANCO-35X90_02-800x509.jpg 800w, https:\/\/www.laplatera.es\/wp-content\/uploads\/2020\/03\/AMBIENTE_SATEN-BLANCO-35X90_02.jpg 1200w\" sizes=\"(max-width: 1024px) 100vw, 1024px\" \/><\/a><\/figure><\/li><li class=\"blocks-gallery-item\"><figure><a href=\"https:\/\/www.laplatera.es\/wp-content\/uploads\/2020\/02\/AMBIENTE_TRIUMPH-SNOW-35X90-1.jpg\"><img loading=\"lazy\" decoding=\"async\" width=\"1024\" height=\"717\" src=\"https:\/\/www.laplatera.es\/wp-content\/uploads\/2020\/02\/AMBIENTE_TRIUMPH-SNOW-35X90-1-1024x717.jpg\" alt=\"\" data-id=\"3234\" data-full-url=\"https:\/\/www.laplatera.es\/wp-content\/uploads\/2020\/02\/AMBIENTE_TRIUMPH-SNOW-35X90-1.jpg\" data-link=\"https:\/\/www.laplatera.es\/colecciones\/triumph\/triumph-snow-35x90\/ambiente_triumph-snow-35x90-2\/\" class=\"wp-image-10835\" srcset=\"https:\/\/www.laplatera.es\/wp-content\/uploads\/2020\/02\/AMBIENTE_TRIUMPH-SNOW-35X90-1-1024x717.jpg 1024w, https:\/\/www.laplatera.es\/wp-content\/uploads\/2020\/02\/AMBIENTE_TRIUMPH-SNOW-35X90-1-300x210.jpg 300w, https:\/\/www.laplatera.es\/wp-content\/uploads\/2020\/02\/AMBIENTE_TRIUMPH-SNOW-35X90-1-768x538.jpg 768w, https:\/\/www.laplatera.es\/wp-content\/uploads\/2020\/02\/AMBIENTE_TRIUMPH-SNOW-35X90-1-1536x1076.jpg 1536w, https:\/\/www.laplatera.es\/wp-content\/uploads\/2020\/02\/AMBIENTE_TRIUMPH-SNOW-35X90-1.jpg 1999w\" sizes=\"(max-width: 1024px) 100vw, 1024px\" \/><\/a><\/figure><\/li><li class=\"blocks-gallery-item\"><figure><a href=\"https:\/\/www.laplatera.es\/wp-content\/uploads\/2020\/02\/AMBIENTE_TRIUMPH-SNOW-35X90_02-1.jpg\"><img loading=\"lazy\" decoding=\"async\" width=\"1024\" height=\"717\" src=\"https:\/\/www.laplatera.es\/wp-content\/uploads\/2020\/02\/AMBIENTE_TRIUMPH-SNOW-35X90_02-1-1024x717.jpg\" alt=\"\" data-id=\"3232\" data-full-url=\"https:\/\/www.laplatera.es\/wp-content\/uploads\/2020\/02\/AMBIENTE_TRIUMPH-SNOW-35X90_02-1.jpg\" data-link=\"https:\/\/www.laplatera.es\/colecciones\/triumph\/triumph-snow-35x90\/ambiente_triumph-snow-35x90_02-2\/\" class=\"wp-image-10831\" srcset=\"https:\/\/www.laplatera.es\/wp-content\/uploads\/2020\/02\/AMBIENTE_TRIUMPH-SNOW-35X90_02-1-1024x717.jpg 1024w, https:\/\/www.laplatera.es\/wp-content\/uploads\/2020\/02\/AMBIENTE_TRIUMPH-SNOW-35X90_02-1-300x210.jpg 300w, https:\/\/www.laplatera.es\/wp-content\/uploads\/2020\/02\/AMBIENTE_TRIUMPH-SNOW-35X90_02-1-768x538.jpg 768w, https:\/\/www.laplatera.es\/wp-content\/uploads\/2020\/02\/AMBIENTE_TRIUMPH-SNOW-35X90_02-1-1536x1076.jpg 1536w, https:\/\/www.laplatera.es\/wp-content\/uploads\/2020\/02\/AMBIENTE_TRIUMPH-SNOW-35X90_02-1.jpg 1999w\" sizes=\"(max-width: 1024px) 100vw, 1024px\" \/><\/a><\/figure><\/li><li class=\"blocks-gallery-item\"><figure><a href=\"https:\/\/www.laplatera.es\/wp-content\/uploads\/2020\/02\/AMBIENTE_FIRENZE-35X90.jpg\"><img loading=\"lazy\" decoding=\"async\" width=\"1024\" height=\"717\" src=\"https:\/\/www.laplatera.es\/wp-content\/uploads\/2020\/02\/AMBIENTE_FIRENZE-35X90-1024x717.jpg\" alt=\"\" data-id=\"2124\" data-full-url=\"https:\/\/www.laplatera.es\/wp-content\/uploads\/2020\/02\/AMBIENTE_FIRENZE-35X90.jpg\" data-link=\"https:\/\/www.laplatera.es\/ambiente_firenze-35x90\/\" class=\"wp-image-10026\" srcset=\"https:\/\/www.laplatera.es\/wp-content\/uploads\/2020\/02\/AMBIENTE_FIRENZE-35X90-1024x717.jpg 1024w, https:\/\/www.laplatera.es\/wp-content\/uploads\/2020\/02\/AMBIENTE_FIRENZE-35X90-300x210.jpg 300w, https:\/\/www.laplatera.es\/wp-content\/uploads\/2020\/02\/AMBIENTE_FIRENZE-35X90-768x538.jpg 768w, https:\/\/www.laplatera.es\/wp-content\/uploads\/2020\/02\/AMBIENTE_FIRENZE-35X90.jpg 1200w\" sizes=\"(max-width: 1024px) 100vw, 1024px\" \/><\/a><\/figure><\/li><li class=\"blocks-gallery-item\"><figure><a href=\"https:\/\/www.laplatera.es\/wp-content\/uploads\/2020\/02\/AMBIENTE_FIRENZE-35X90_03.jpg\"><img loading=\"lazy\" decoding=\"async\" width=\"804\" height=\"1024\" src=\"https:\/\/www.laplatera.es\/wp-content\/uploads\/2020\/02\/AMBIENTE_FIRENZE-35X90_03-804x1024.jpg\" alt=\"\" data-id=\"2123\" data-full-url=\"https:\/\/www.laplatera.es\/wp-content\/uploads\/2020\/02\/AMBIENTE_FIRENZE-35X90_03.jpg\" data-link=\"https:\/\/www.laplatera.es\/ambiente_firenze-35x90_03\/\" class=\"wp-image-10024\" srcset=\"https:\/\/www.laplatera.es\/wp-content\/uploads\/2020\/02\/AMBIENTE_FIRENZE-35X90_03-804x1024.jpg 804w, https:\/\/www.laplatera.es\/wp-content\/uploads\/2020\/02\/AMBIENTE_FIRENZE-35X90_03-236x300.jpg 236w, https:\/\/www.laplatera.es\/wp-content\/uploads\/2020\/02\/AMBIENTE_FIRENZE-35X90_03-768x978.jpg 768w, https:\/\/www.laplatera.es\/wp-content\/uploads\/2020\/02\/AMBIENTE_FIRENZE-35X90_03.jpg 942w\" sizes=\"(max-width: 804px) 100vw, 804px\" \/><\/a><\/figure><\/li><li class=\"blocks-gallery-item\"><figure><a href=\"https:\/\/www.laplatera.es\/wp-content\/uploads\/2020\/02\/AMBIENTE_FIRENZE-35X90_02.jpg\"><img loading=\"lazy\" decoding=\"async\" width=\"804\" height=\"1024\" src=\"https:\/\/www.laplatera.es\/wp-content\/uploads\/2020\/02\/AMBIENTE_FIRENZE-35X90_02-804x1024.jpg\" alt=\"\" data-id=\"2122\" data-full-url=\"https:\/\/www.laplatera.es\/wp-content\/uploads\/2020\/02\/AMBIENTE_FIRENZE-35X90_02.jpg\" data-link=\"https:\/\/www.laplatera.es\/ambiente_firenze-35x90_02\/\" class=\"wp-image-10022\" srcset=\"https:\/\/www.laplatera.es\/wp-content\/uploads\/2020\/02\/AMBIENTE_FIRENZE-35X90_02-804x1024.jpg 804w, https:\/\/www.laplatera.es\/wp-content\/uploads\/2020\/02\/AMBIENTE_FIRENZE-35X90_02-236x300.jpg 236w, https:\/\/www.laplatera.es\/wp-content\/uploads\/2020\/02\/AMBIENTE_FIRENZE-35X90_02-768x978.jpg 768w, https:\/\/www.laplatera.es\/wp-content\/uploads\/2020\/02\/AMBIENTE_FIRENZE-35X90_02.jpg 942w\" sizes=\"(max-width: 804px) 100vw, 804px\" \/><\/a><\/figure><\/li><\/ul><\/figure>","protected":false},"excerpt":{"rendered":"<p>It creates a warmth environment, comfort and a cozy space with all the benefits of<\/p>\n<div class=\"read-more\"><a href=\"https:\/\/www.laplatera.es\/en\/discovering-the-beauty-of-the-wood-with-the-forest-collection\/\" class=\"more-link\">Read More<\/a><\/div>\n","protected":false},"author":1,"featured_media":6834,"comment_status":"closed","ping_status":"closed","sticky":false,"template":"","format":"standard","meta":{"_acf_changed":false,"footnotes":""},"categories":[60],"tags":[],"class_list":["post-14831","post","type-post","status-publish","format-standard","has-post-thumbnail","hentry","category-categoria-colecciones_en","entry"],"acf":[],"yoast_head":"<!-- This site is optimized with the Yoast SEO Premium plugin v28.3 (Yoast SEO v28.3) - https:\/\/yoast.com\/product\/yoast-seo-premium-wordpress\/ -->\n<title>Discovering the beauty of the wood with the Forest Collection<\/title>\n<meta name=\"robots\" content=\"index, follow, max-snippet:-1, max-image-preview:large, max-video-preview:-1\" \/>\n<link rel=\"canonical\" href=\"https:\/\/www.laplatera.es\/en\/discovering-the-beauty-of-the-wood-with-the-forest-collection\/\" \/>\n<meta property=\"og:locale\" content=\"en_US\" \/>\n<meta property=\"og:type\" content=\"article\" \/>\n<meta property=\"og:title\" content=\"Discovering the beauty of the wood with the Forest Collection\" \/>\n<meta property=\"og:description\" content=\"It creates a warmth environment, comfort and a cozy space with all the benefits of the porcelain. Wood is a natural material that stays alive in our\" \/>\n<meta property=\"og:url\" content=\"https:\/\/www.laplatera.es\/en\/discovering-the-beauty-of-the-wood-with-the-forest-collection\/\" \/>\n<meta property=\"og:site_name\" content=\"La Platera - Transformamos tus espacios con pavimentos y revestimientos en cer\u00e1mica de alta calidad y dise\u00f1o \u00fanico\" \/>\n<meta property=\"article:publisher\" content=\"https:\/\/www.facebook.com\/laplatera.es\/\" \/>\n<meta property=\"article:published_time\" content=\"2020-07-22T09:32:55+00:00\" \/>\n<meta property=\"article:modified_time\" content=\"2020-09-18T08:00:01+00:00\" \/>\n<meta property=\"og:image\" content=\"https:\/\/www.laplatera.es\/wp-content\/uploads\/2020\/02\/AMBIENTE_FOREST-NATURAL-17X114_2-1024x717.jpg\" \/>\n\t<meta property=\"og:image:width\" content=\"1024\" \/>\n\t<meta property=\"og:image:height\" content=\"717\" \/>\n\t<meta property=\"og:image:type\" content=\"image\/jpeg\" \/>\n<meta name=\"author\" content=\"Jordi Trilles\" \/>\n<meta name=\"twitter:card\" content=\"summary_large_image\" \/>\n<meta name=\"twitter:creator\" content=\"@la_platera\" \/>\n<meta name=\"twitter:site\" content=\"@la_platera\" \/>\n<meta name=\"twitter:label1\" content=\"Written by\" \/>\n\t<meta name=\"twitter:data1\" content=\"Jordi Trilles\" \/>\n\t<meta name=\"twitter:label2\" content=\"Est. reading time\" \/>\n\t<meta name=\"twitter:data2\" content=\"1 minute\" \/>\n<script type=\"application\/ld+json\" class=\"yoast-schema-graph\">{\"@context\":\"https:\\\/\\\/schema.org\",\"@graph\":[{\"@type\":\"Article\",\"@id\":\"https:\\\/\\\/www.laplatera.es\\\/en\\\/discovering-the-beauty-of-the-wood-with-the-forest-collection\\\/#article\",\"isPartOf\":{\"@id\":\"https:\\\/\\\/www.laplatera.es\\\/en\\\/discovering-the-beauty-of-the-wood-with-the-forest-collection\\\/\"},\"author\":{\"name\":\"Jordi Trilles\",\"@id\":\"https:\\\/\\\/www.laplatera.es\\\/en\\\/#\\\/schema\\\/person\\\/3b5e854355cf4857d5d0ad1ee0e1c8db\"},\"headline\":\"Discovering the beauty of the wood with the Forest Collection\",\"datePublished\":\"2020-07-22T09:32:55+00:00\",\"dateModified\":\"2020-09-18T08:00:01+00:00\",\"mainEntityOfPage\":{\"@id\":\"https:\\\/\\\/www.laplatera.es\\\/en\\\/discovering-the-beauty-of-the-wood-with-the-forest-collection\\\/\"},\"wordCount\":288,\"publisher\":{\"@id\":\"https:\\\/\\\/www.laplatera.es\\\/en\\\/#organization\"},\"image\":{\"@id\":\"https:\\\/\\\/www.laplatera.es\\\/en\\\/discovering-the-beauty-of-the-wood-with-the-forest-collection\\\/#primaryimage\"},\"thumbnailUrl\":\"https:\\\/\\\/www.laplatera.es\\\/wp-content\\\/uploads\\\/2020\\\/02\\\/AMBIENTE_FOREST-NATURAL-17X114_2.jpg\",\"articleSection\":[\"Collections\"],\"inLanguage\":\"en-US\"},{\"@type\":\"WebPage\",\"@id\":\"https:\\\/\\\/www.laplatera.es\\\/en\\\/discovering-the-beauty-of-the-wood-with-the-forest-collection\\\/\",\"url\":\"https:\\\/\\\/www.laplatera.es\\\/en\\\/discovering-the-beauty-of-the-wood-with-the-forest-collection\\\/\",\"name\":\"Discovering the beauty of the wood with the Forest Collection\",\"isPartOf\":{\"@id\":\"https:\\\/\\\/www.laplatera.es\\\/en\\\/#website\"},\"primaryImageOfPage\":{\"@id\":\"https:\\\/\\\/www.laplatera.es\\\/en\\\/discovering-the-beauty-of-the-wood-with-the-forest-collection\\\/#primaryimage\"},\"image\":{\"@id\":\"https:\\\/\\\/www.laplatera.es\\\/en\\\/discovering-the-beauty-of-the-wood-with-the-forest-collection\\\/#primaryimage\"},\"thumbnailUrl\":\"https:\\\/\\\/www.laplatera.es\\\/wp-content\\\/uploads\\\/2020\\\/02\\\/AMBIENTE_FOREST-NATURAL-17X114_2.jpg\",\"datePublished\":\"2020-07-22T09:32:55+00:00\",\"dateModified\":\"2020-09-18T08:00:01+00:00\",\"breadcrumb\":{\"@id\":\"https:\\\/\\\/www.laplatera.es\\\/en\\\/discovering-the-beauty-of-the-wood-with-the-forest-collection\\\/#breadcrumb\"},\"inLanguage\":\"en-US\",\"potentialAction\":[{\"@type\":\"ReadAction\",\"target\":[\"https:\\\/\\\/www.laplatera.es\\\/en\\\/discovering-the-beauty-of-the-wood-with-the-forest-collection\\\/\"]}]},{\"@type\":\"ImageObject\",\"inLanguage\":\"en-US\",\"@id\":\"https:\\\/\\\/www.laplatera.es\\\/en\\\/discovering-the-beauty-of-the-wood-with-the-forest-collection\\\/#primaryimage\",\"url\":\"https:\\\/\\\/www.laplatera.es\\\/wp-content\\\/uploads\\\/2020\\\/02\\\/AMBIENTE_FOREST-NATURAL-17X114_2.jpg\",\"contentUrl\":\"https:\\\/\\\/www.laplatera.es\\\/wp-content\\\/uploads\\\/2020\\\/02\\\/AMBIENTE_FOREST-NATURAL-17X114_2.jpg\",\"width\":2000,\"height\":1400},{\"@type\":\"BreadcrumbList\",\"@id\":\"https:\\\/\\\/www.laplatera.es\\\/en\\\/discovering-the-beauty-of-the-wood-with-the-forest-collection\\\/#breadcrumb\",\"itemListElement\":[{\"@type\":\"ListItem\",\"position\":1,\"name\":\"Inicio\",\"item\":\"https:\\\/\\\/www.laplatera.es\\\/en\\\/\"},{\"@type\":\"ListItem\",\"position\":2,\"name\":\"Discovering the beauty of the wood with the Forest Collection\"}]},{\"@type\":\"WebSite\",\"@id\":\"https:\\\/\\\/www.laplatera.es\\\/en\\\/#website\",\"url\":\"https:\\\/\\\/www.laplatera.es\\\/en\\\/\",\"name\":\"La Platera\",\"description\":\"La Platera, m\u00e1s de 60 a\u00f1os fabricando cer\u00e1mica para vuestros proyectos y hogares.\",\"publisher\":{\"@id\":\"https:\\\/\\\/www.laplatera.es\\\/en\\\/#organization\"},\"potentialAction\":[{\"@type\":\"SearchAction\",\"target\":{\"@type\":\"EntryPoint\",\"urlTemplate\":\"https:\\\/\\\/www.laplatera.es\\\/en\\\/?s={search_term_string}\"},\"query-input\":{\"@type\":\"PropertyValueSpecification\",\"valueRequired\":true,\"valueName\":\"search_term_string\"}}],\"inLanguage\":\"en-US\"},{\"@type\":\"Organization\",\"@id\":\"https:\\\/\\\/www.laplatera.es\\\/en\\\/#organization\",\"name\":\"La Platera S.A.\",\"url\":\"https:\\\/\\\/www.laplatera.es\\\/en\\\/\",\"logo\":{\"@type\":\"ImageObject\",\"inLanguage\":\"en-US\",\"@id\":\"https:\\\/\\\/www.laplatera.es\\\/en\\\/#\\\/schema\\\/logo\\\/image\\\/\",\"url\":\"https:\\\/\\\/www.laplatera.es\\\/wp-content\\\/uploads\\\/2019\\\/11\\\/LA-PLATERA-1.png\",\"contentUrl\":\"https:\\\/\\\/www.laplatera.es\\\/wp-content\\\/uploads\\\/2019\\\/11\\\/LA-PLATERA-1.png\",\"width\":248,\"height\":80,\"caption\":\"La Platera S.A.\"},\"image\":{\"@id\":\"https:\\\/\\\/www.laplatera.es\\\/en\\\/#\\\/schema\\\/logo\\\/image\\\/\"},\"sameAs\":[\"https:\\\/\\\/www.facebook.com\\\/laplatera.es\\\/\",\"https:\\\/\\\/x.com\\\/la_platera\",\"https:\\\/\\\/www.instagram.com\\\/laplatera_ceramica\\\/\",\"https:\\\/\\\/www.linkedin.com\\\/company\\\/la-platera\\\/\",\"https:\\\/\\\/www.pinterest.es\\\/laplatera_es\\\/\",\"https:\\\/\\\/www.youtube.com\\\/channel\\\/UCO4SrLE4LU8_z-aVkLlDU8A\"]},{\"@type\":\"Person\",\"@id\":\"https:\\\/\\\/www.laplatera.es\\\/en\\\/#\\\/schema\\\/person\\\/3b5e854355cf4857d5d0ad1ee0e1c8db\",\"name\":\"Jordi Trilles\",\"image\":{\"@type\":\"ImageObject\",\"inLanguage\":\"en-US\",\"@id\":\"https:\\\/\\\/secure.gravatar.com\\\/avatar\\\/f39806f1d20ab2944bc0360042c4f622714c4c6ceeaa58fe63ebf5b49b57000f?s=96&d=mm&r=g\",\"url\":\"https:\\\/\\\/secure.gravatar.com\\\/avatar\\\/f39806f1d20ab2944bc0360042c4f622714c4c6ceeaa58fe63ebf5b49b57000f?s=96&d=mm&r=g\",\"contentUrl\":\"https:\\\/\\\/secure.gravatar.com\\\/avatar\\\/f39806f1d20ab2944bc0360042c4f622714c4c6ceeaa58fe63ebf5b49b57000f?s=96&d=mm&r=g\",\"caption\":\"Jordi Trilles\"}}]}<\/script>\n<!-- \/ Yoast SEO Premium plugin. -->","yoast_head_json":{"title":"Discovering the beauty of the wood with the Forest Collection","robots":{"index":"index","follow":"follow","max-snippet":"max-snippet:-1","max-image-preview":"max-image-preview:large","max-video-preview":"max-video-preview:-1"},"canonical":"https:\/\/www.laplatera.es\/en\/discovering-the-beauty-of-the-wood-with-the-forest-collection\/","og_locale":"en_US","og_type":"article","og_title":"Discovering the beauty of the wood with the Forest Collection","og_description":"It creates a warmth environment, comfort and a cozy space with all the benefits of the porcelain. Wood is a natural material that stays alive in our","og_url":"https:\/\/www.laplatera.es\/en\/discovering-the-beauty-of-the-wood-with-the-forest-collection\/","og_site_name":"La Platera - Transformamos tus espacios con pavimentos y revestimientos en cer\u00e1mica de alta calidad y dise\u00f1o \u00fanico","article_publisher":"https:\/\/www.facebook.com\/laplatera.es\/","article_published_time":"2020-07-22T09:32:55+00:00","article_modified_time":"2020-09-18T08:00:01+00:00","og_image":[{"width":1024,"height":717,"url":"https:\/\/www.laplatera.es\/wp-content\/uploads\/2020\/02\/AMBIENTE_FOREST-NATURAL-17X114_2-1024x717.jpg","type":"image\/jpeg"}],"author":"Jordi Trilles","twitter_card":"summary_large_image","twitter_creator":"@la_platera","twitter_site":"@la_platera","twitter_misc":{"Written by":"Jordi Trilles","Est. reading time":"1 minute"},"schema":{"@context":"https:\/\/schema.org","@graph":[{"@type":"Article","@id":"https:\/\/www.laplatera.es\/en\/discovering-the-beauty-of-the-wood-with-the-forest-collection\/#article","isPartOf":{"@id":"https:\/\/www.laplatera.es\/en\/discovering-the-beauty-of-the-wood-with-the-forest-collection\/"},"author":{"name":"Jordi Trilles","@id":"https:\/\/www.laplatera.es\/en\/#\/schema\/person\/3b5e854355cf4857d5d0ad1ee0e1c8db"},"headline":"Discovering the beauty of the wood with the Forest Collection","datePublished":"2020-07-22T09:32:55+00:00","dateModified":"2020-09-18T08:00:01+00:00","mainEntityOfPage":{"@id":"https:\/\/www.laplatera.es\/en\/discovering-the-beauty-of-the-wood-with-the-forest-collection\/"},"wordCount":288,"publisher":{"@id":"https:\/\/www.laplatera.es\/en\/#organization"},"image":{"@id":"https:\/\/www.laplatera.es\/en\/discovering-the-beauty-of-the-wood-with-the-forest-collection\/#primaryimage"},"thumbnailUrl":"https:\/\/www.laplatera.es\/wp-content\/uploads\/2020\/02\/AMBIENTE_FOREST-NATURAL-17X114_2.jpg","articleSection":["Collections"],"inLanguage":"en-US"},{"@type":"WebPage","@id":"https:\/\/www.laplatera.es\/en\/discovering-the-beauty-of-the-wood-with-the-forest-collection\/","url":"https:\/\/www.laplatera.es\/en\/discovering-the-beauty-of-the-wood-with-the-forest-collection\/","name":"Discovering the beauty of the wood with the Forest Collection","isPartOf":{"@id":"https:\/\/www.laplatera.es\/en\/#website"},"primaryImageOfPage":{"@id":"https:\/\/www.laplatera.es\/en\/discovering-the-beauty-of-the-wood-with-the-forest-collection\/#primaryimage"},"image":{"@id":"https:\/\/www.laplatera.es\/en\/discovering-the-beauty-of-the-wood-with-the-forest-collection\/#primaryimage"},"thumbnailUrl":"https:\/\/www.laplatera.es\/wp-content\/uploads\/2020\/02\/AMBIENTE_FOREST-NATURAL-17X114_2.jpg","datePublished":"2020-07-22T09:32:55+00:00","dateModified":"2020-09-18T08:00:01+00:00","breadcrumb":{"@id":"https:\/\/www.laplatera.es\/en\/discovering-the-beauty-of-the-wood-with-the-forest-collection\/#breadcrumb"},"inLanguage":"en-US","potentialAction":[{"@type":"ReadAction","target":["https:\/\/www.laplatera.es\/en\/discovering-the-beauty-of-the-wood-with-the-forest-collection\/"]}]},{"@type":"ImageObject","inLanguage":"en-US","@id":"https:\/\/www.laplatera.es\/en\/discovering-the-beauty-of-the-wood-with-the-forest-collection\/#primaryimage","url":"https:\/\/www.laplatera.es\/wp-content\/uploads\/2020\/02\/AMBIENTE_FOREST-NATURAL-17X114_2.jpg","contentUrl":"https:\/\/www.laplatera.es\/wp-content\/uploads\/2020\/02\/AMBIENTE_FOREST-NATURAL-17X114_2.jpg","width":2000,"height":1400},{"@type":"BreadcrumbList","@id":"https:\/\/www.laplatera.es\/en\/discovering-the-beauty-of-the-wood-with-the-forest-collection\/#breadcrumb","itemListElement":[{"@type":"ListItem","position":1,"name":"Inicio","item":"https:\/\/www.laplatera.es\/en\/"},{"@type":"ListItem","position":2,"name":"Discovering the beauty of the wood with the Forest Collection"}]},{"@type":"WebSite","@id":"https:\/\/www.laplatera.es\/en\/#website","url":"https:\/\/www.laplatera.es\/en\/","name":"La Platera","description":"La Platera, m\u00e1s de 60 a\u00f1os fabricando cer\u00e1mica para vuestros proyectos y hogares.","publisher":{"@id":"https:\/\/www.laplatera.es\/en\/#organization"},"potentialAction":[{"@type":"SearchAction","target":{"@type":"EntryPoint","urlTemplate":"https:\/\/www.laplatera.es\/en\/?s={search_term_string}"},"query-input":{"@type":"PropertyValueSpecification","valueRequired":true,"valueName":"search_term_string"}}],"inLanguage":"en-US"},{"@type":"Organization","@id":"https:\/\/www.laplatera.es\/en\/#organization","name":"La Platera S.A.","url":"https:\/\/www.laplatera.es\/en\/","logo":{"@type":"ImageObject","inLanguage":"en-US","@id":"https:\/\/www.laplatera.es\/en\/#\/schema\/logo\/image\/","url":"https:\/\/www.laplatera.es\/wp-content\/uploads\/2019\/11\/LA-PLATERA-1.png","contentUrl":"https:\/\/www.laplatera.es\/wp-content\/uploads\/2019\/11\/LA-PLATERA-1.png","width":248,"height":80,"caption":"La Platera S.A."},"image":{"@id":"https:\/\/www.laplatera.es\/en\/#\/schema\/logo\/image\/"},"sameAs":["https:\/\/www.facebook.com\/laplatera.es\/","https:\/\/x.com\/la_platera","https:\/\/www.instagram.com\/laplatera_ceramica\/","https:\/\/www.linkedin.com\/company\/la-platera\/","https:\/\/www.pinterest.es\/laplatera_es\/","https:\/\/www.youtube.com\/channel\/UCO4SrLE4LU8_z-aVkLlDU8A"]},{"@type":"Person","@id":"https:\/\/www.laplatera.es\/en\/#\/schema\/person\/3b5e854355cf4857d5d0ad1ee0e1c8db","name":"Jordi Trilles","image":{"@type":"ImageObject","inLanguage":"en-US","@id":"https:\/\/secure.gravatar.com\/avatar\/f39806f1d20ab2944bc0360042c4f622714c4c6ceeaa58fe63ebf5b49b57000f?s=96&d=mm&r=g","url":"https:\/\/secure.gravatar.com\/avatar\/f39806f1d20ab2944bc0360042c4f622714c4c6ceeaa58fe63ebf5b49b57000f?s=96&d=mm&r=g","contentUrl":"https:\/\/secure.gravatar.com\/avatar\/f39806f1d20ab2944bc0360042c4f622714c4c6ceeaa58fe63ebf5b49b57000f?s=96&d=mm&r=g","caption":"Jordi Trilles"}}]}},"_links":{"self":[{"href":"https:\/\/www.laplatera.es\/en\/wp-json\/wp\/v2\/posts\/14831","targetHints":{"allow":["GET"]}}],"collection":[{"href":"https:\/\/www.laplatera.es\/en\/wp-json\/wp\/v2\/posts"}],"about":[{"href":"https:\/\/www.laplatera.es\/en\/wp-json\/wp\/v2\/types\/post"}],"author":[{"embeddable":true,"href":"https:\/\/www.laplatera.es\/en\/wp-json\/wp\/v2\/users\/1"}],"replies":[{"embeddable":true,"href":"https:\/\/www.laplatera.es\/en\/wp-json\/wp\/v2\/comments?post=14831"}],"version-history":[{"count":0,"href":"https:\/\/www.laplatera.es\/en\/wp-json\/wp\/v2\/posts\/14831\/revisions"}],"wp:featuredmedia":[{"embeddable":true,"href":"https:\/\/www.laplatera.es\/en\/wp-json\/wp\/v2\/media\/6834"}],"wp:attachment":[{"href":"https:\/\/www.laplatera.es\/en\/wp-json\/wp\/v2\/media?parent=14831"}],"wp:term":[{"taxonomy":"category","embeddable":true,"href":"https:\/\/www.laplatera.es\/en\/wp-json\/wp\/v2\/categories?post=14831"},{"taxonomy":"post_tag","embeddable":true,"href":"https:\/\/www.laplatera.es\/en\/wp-json\/wp\/v2\/tags?post=14831"}],"curies":[{"name":"wp","href":"https:\/\/api.w.org\/{rel}","templated":true}]}}